{"id":1652,"date":"2015-12-02T17:08:14","date_gmt":"2015-12-02T17:08:14","guid":{"rendered":"https:\/\/www.moderco.com\/?p=1652&#038;lang=fr"},"modified":"2025-11-06T13:17:58","modified_gmt":"2025-11-06T13:17:58","slug":"la-fabrication-et-les-considerations-de-conception","status":"publish","type":"post","link":"https:\/\/www.moderco.com\/fr\/la-fabrication-et-les-considerations-de-conception\/","title":{"rendered":"La fabrication et les consid\u00e9rations de conception"},"content":{"rendered":"<p class=\"zw-paragraph\"><span class=\"zw-portion\">Dans le blog pr\u00e9c\u00e9dent, nous avons couvert le \u00ab son \u00bb, <\/span><span class=\"zw-portion\">qu\u2019est-ce <\/span><span class=\"zw-portion\">que c\u2019est et les principes de conception d<\/span><span class=\"zw-portion\">u<\/span><span class=\"zw-portion\"> panneau et sa fabrication afin de r\u00e9duire au minimum le transfert du son \u00ab \u00e0 travers \u00bb une cloison install\u00e9e.\u00a0\u00a0<\/span><\/p>\n<p class=\"zw-paragraph\"><span class=\"zw-portion\">Le transfert de son ne se produit pas toujours \u00ab \u00e0 travers \u00bb la cloison. \u00ab Le <\/span><span class=\"zw-portion\">bruit<\/span><span class=\"zw-portion\"> de flanquement \u00bb est <\/span><span class=\"zw-portion\">le<\/span><span class=\"zw-portion\"> son atteignant une salle adjacente (<\/span><span class=\"zw-portion\">de <\/span><span class=\"zw-portion\">l&rsquo;autre c\u00f4t\u00e9 de la cloison) par un chemin indirect ou commun\u00e9ment appel\u00e9 \u00ab un chemin de flanquement \u00bb. \u00ab Le <\/span><span class=\"zw-portion\">bruit<\/span><span class=\"zw-portion\"> direct \u00bb est le son acc\u00e9dant \u00e0 une salle adjacente par le panneau de <\/span><span class=\"zw-portion\">la cloison. La<\/span><span class=\"zw-portion\"> construction du panneau ainsi que l&rsquo;installation appropri\u00e9e sont responsables de <\/span><span class=\"zw-portion\">la r\u00e9duction \u00ab du <\/span><span class=\"zw-portion\">bruit<\/span><span class=\"zw-portion\">\u00a0<\/span><span class=\"zw-portion\">direct \u00bb et la construction du b\u00e2timent est responsable d&rsquo;\u00e9liminer \u00ab les chemins de flanquement \u00bb et donc de r\u00e9duire au minimum <\/span><span class=\"zw-portion\">le<\/span><span class=\"zw-portion\">s<\/span><span class=\"zw-portion\">\u00a0<\/span><span class=\"zw-portion\">bruits de flanquement<\/span><span class=\"zw-portion\"> environnants.<\/span><span class=\"zw-portion\">\u00a0<\/span><\/p>\n<p class=\"zw-paragraph\"><strong><span style=\"text-decoration: underline;\"><span class=\"zw-portion\">Conseils<\/span><\/span><span class=\"zw-portion\"><span style=\"text-decoration: underline;\"> de construction de b\u00e2timents.<\/span> <\/span><\/strong><span class=\"zw-portion\">\u00a0<\/span><span class=\"zw-portion\">\u00a0<\/span><\/p>\n<ul data-level=\"0\">\n<li data-textformat=\"{&quot;ff&quot;:&quot;Arial&quot;}\" data-tabpoints=\"[{&quot;id&quot;:&quot;0&quot;,&quot;point&quot;:&quot;0.5in&quot;,&quot;align&quot;:0,&quot;leader&quot;:0}]\">\n<p class=\"zw-paragraph\"><span class=\"zw-portion\">Installe<\/span><span class=\"zw-portion\">r<\/span><strong><span class=\"zw-portion\"> un <\/span><span class=\"zw-portion\">\u00e9cran acoustique<\/span><span class=\"zw-portion\"> compl<\/span><span class=\"zw-portion\">e<\/span><span class=\"zw-portion\">t et continu<\/span><\/strong><span class=\"zw-portion\">,<\/span><span class=\"zw-portion\"> sans aucune p<\/span><span class=\"zw-portion\">erforation<\/span><span class=\"zw-portion\"> (aucun <\/span><span class=\"zw-portion\">\u00a0<\/span><span class=\"zw-portion\">c<\/span><span class=\"zw-portion\">onduit<\/span><span class=\"zw-portion\">)<\/span><span class=\"zw-portion\">, \u00e0 partir <\/span><span class=\"zw-portion\">du p<\/span><span class=\"zw-portion\">lafond <\/span><span class=\"zw-portion\">fini <\/span><span class=\"zw-portion\">jusqu\u2019<\/span><span class=\"zw-portion\">au dessous de la structure du b\u00e2timent<\/span><span class=\"zw-portion\">. De pr\u00e9f\u00e9rence<\/span><span class=\"zw-portion\">, <\/span><span class=\"zw-portion\">un<\/span><span class=\"zw-portion\">e double \u00e9paisseur de<\/span><span class=\"zw-portion\">\u00a0<\/span><span class=\"zw-portion\">panneau de gypse <\/span><span class=\"zw-portion\">(1\/2\u2019\u2019)<\/span><span class=\"zw-portion\">\u00a0<\/span><span class=\"zw-portion\">avec <\/span><span class=\"zw-portion\">joints en quinconce.<\/span><span class=\"zw-portion\">\u00a0<\/span><span class=\"zw-portion\">L<\/span><span class=\"zw-portion\">e vide sera rempli d&rsquo;isola<\/span><span class=\"zw-portion\">nt<\/span><span class=\"zw-portion\"> acoustique. L<\/span><span class=\"zw-portion\">\u2019\u00e9cran acoustique r\u00e9alis\u00e9<\/span><span class=\"zw-portion\">\u00a0<\/span><span class=\"zw-portion\">devrait<\/span><span class=\"zw-portion\"> d\u00e9montrer<\/span><span class=\"zw-portion\"> et test<\/span><span class=\"zw-portion\">er<\/span><span class=\"zw-portion\">\u00a0<\/span><span class=\"zw-portion\">un <\/span><span class=\"zw-portion\">C<\/span><span class=\"zw-portion\">T<\/span><span class=\"zw-portion\">S<\/span><span class=\"zw-portion\">\u00a0<\/span><span class=\"zw-portion\">\u00e9gal <\/span><span class=\"zw-portion\">ou plus grand que <\/span><span class=\"zw-portion\">la cloison.<\/span><span class=\"zw-portion\">\u00a0<\/span><span class=\"zw-portion\">L<\/span><span class=\"zw-portion\">\u2019\u00e9cran<\/span><span class=\"zw-portion\"> d<\/span><span class=\"zw-portion\">evrait \u00eatre\u00a0 install\u00e9<\/span><span class=\"zw-portion\"> pendant la construction d<\/span><span class=\"zw-portion\">u b\u00e2timent<\/span><span class=\"zw-portion\"> plut\u00f4t qu&rsquo;apr\u00e8s<\/span><span class=\"zw-portion\">\u00a0<\/span><span class=\"zw-portion\">l\u2019<\/span><span class=\"zw-portion\">install<\/span><span class=\"zw-portion\">ation de <\/span><span class=\"zw-portion\">la cloison<\/span><span class=\"zw-portion\">. Assurez-vous<\/span><span class=\"zw-portion\"> que l\u2019acc\u00e8s au rail est pr\u00e9vu <\/span><span class=\"zw-portion\">pour faciliter de <\/span><span class=\"zw-portion\">futures mises \u00e0 niveau<\/span><span class=\"zw-portion\">.<\/span><span class=\"zw-portion\">\u00a0<\/span><span class=\"zw-portion\">\u00a0<\/span><\/p>\n<\/li>\n<\/ul>\n<ul data-level=\"0\">\n<li data-textformat=\"{&quot;ff&quot;:&quot;Arial&quot;}\" data-tabpoints=\"[{&quot;id&quot;:&quot;0&quot;,&quot;point&quot;:&quot;0.5in&quot;,&quot;align&quot;:0,&quot;leader&quot;:0}]\">\n<p class=\"zw-paragraph\"><span class=\"zw-portion\">Les murs <\/span><span class=\"zw-portion\">fixes <\/span><span class=\"zw-portion\">\u00e0<\/span><span class=\"zw-portion\"> chaque <\/span><span class=\"zw-portion\">extr\u00e9mit\u00e9<\/span><span class=\"zw-portion\"> de la cloison <\/span><span class=\"zw-portion\">mobile<\/span><span class=\"zw-portion\"> devraient \u00eatre solidement <\/span><span class=\"zw-portion\">attach\u00e9s<\/span><span class=\"zw-portion\"> \u00e0 la <\/span><span class=\"zw-portion\">structure du b\u00e2timent<\/span><span class=\"zw-portion\">\u00a0<\/span><span class=\"zw-portion\">avant d\u2019en faire <\/span><span class=\"zw-portion\">la finition. La<\/span><span class=\"zw-portion\">\u00a0<\/span><span class=\"zw-portion\">cloison <\/span><span class=\"zw-portion\">ne doit pas <\/span><span class=\"zw-portion\">se terminer sur <\/span><span class=\"zw-portion\">un mur <\/span><span class=\"zw-portion\">creux<\/span><span class=\"zw-portion\"> car le <strong>son voyagera<\/strong><\/span><strong><span class=\"zw-portion\">it<\/span><span class=\"zw-portion\">\u00a0<\/span><span class=\"zw-portion\">\u00e0 travers<\/span><span class=\"zw-portion\"> ce mur<\/span><span class=\"zw-portion\">.<\/span><span class=\"zw-portion\">\u00a0<\/span><\/strong><\/p>\n<\/li>\n<\/ul>\n<ul data-level=\"0\">\n<li data-textformat=\"{&quot;ff&quot;:&quot;Arial&quot;}\" data-tabpoints=\"[{&quot;id&quot;:&quot;0&quot;,&quot;point&quot;:&quot;0.5in&quot;,&quot;align&quot;:0,&quot;leader&quot;:0}]\">\n<p class=\"zw-paragraph\"><strong><span class=\"zw-portion\">L<\/span><span class=\"zw-portion\">es<\/span><span class=\"zw-portion\"> c<\/span><span class=\"zw-portion\">onduits<\/span><\/strong><span class=\"zw-portion\"> ne devrai<\/span><span class=\"zw-portion\">en<\/span><span class=\"zw-portion\">t pas p\u00e9n\u00e9trer l<\/span><span class=\"zw-portion\">\u2019\u00e9cran acoustique <\/span><span class=\"zw-portion\">au-dessus de <\/span><span class=\"zw-portion\">la cloison. Le<\/span><span class=\"zw-portion\"> vide au-dessus de la cloison <\/span><span class=\"zw-portion\">mobile<\/span><span class=\"zw-portion\"> ne devrait pas <\/span><span class=\"zw-portion\">servir d<\/span><span class=\"zw-portion\">e plenum<\/span><span class=\"zw-portion\">. Si l<\/span><span class=\"zw-portion\">es<\/span><span class=\"zw-portion\"> c<\/span><span class=\"zw-portion\">onduits<\/span><span class=\"zw-portion\"> doi<\/span><span class=\"zw-portion\">vent<\/span><span class=\"zw-portion\"> p\u00e9n\u00e9trer <\/span><span class=\"zw-portion\">cet \u00e9cran acoustique alors un affaiblisseur de son ou un<\/span><span class=\"zw-portion\"> silencieux de conduit <\/span><span class=\"zw-portion\">de <\/span><span class=\"zw-portion\">ventilation<\/span><span class=\"zw-portion\"> devra \u00eatre utilis\u00e9<\/span><span class=\"zw-portion\">.\u00a0<\/span><\/p>\n<\/li>\n<\/ul>\n<ul data-level=\"0\">\n<li data-textformat=\"{&quot;ff&quot;:&quot;Arial&quot;}\" data-tabpoints=\"[{&quot;id&quot;:&quot;0&quot;,&quot;point&quot;:&quot;0.5in&quot;,&quot;align&quot;:0,&quot;leader&quot;:0}]\">\n<p class=\"zw-paragraph\"><strong><span class=\"zw-portion\">Toutes les <\/span><span class=\"zw-portion\">niches <\/span><span class=\"zw-portion\">de rangement <\/span><\/strong><span class=\"zw-portion\">devraient avoir le m\u00eame plancher que sous la cloison afin d&rsquo;\u00e9liminer toutes les <\/span><span class=\"zw-portion\">ouvertures<\/span><span class=\"zw-portion\"> r\u00e9sultant de cloisons <\/span><span class=\"zw-portion\">scell\u00e9es \u00e0 de diff\u00e9rentes \u00e9paisseurs ou \u00e0 de<\/span><span class=\"zw-portion\">s<\/span><span class=\"zw-portion\"> niveaux de planchers<\/span><span class=\"zw-portion\"> variables.<\/span><span class=\"zw-portion\">\u00a0<\/span><\/p>\n<\/li>\n<li data-textformat=\"{&quot;ff&quot;:&quot;Arial&quot;}\" data-tabpoints=\"[{&quot;id&quot;:&quot;0&quot;,&quot;point&quot;:&quot;0.5in&quot;,&quot;align&quot;:0,&quot;leader&quot;:0}]\">\n<p class=\"zw-paragraph\"><span class=\"zw-portion\">Si un syst\u00e8me <\/span><span class=\"zw-portion\">d<\/span><span class=\"zw-portion\">e plancher<\/span><span class=\"zw-portion\"> flottant<\/span><span class=\"zw-portion\"> est employ\u00e9 alors<strong> une barri\u00e8re <\/strong><\/span><strong><span class=\"zw-portion\">de son <\/span><\/strong><span class=\"zw-portion\"><strong>devrait \u00eatre install\u00e9e<\/strong> directement sous la cloison.\u00a0<\/span><\/p>\n<\/li>\n<\/ul>\n<ul data-level=\"0\">\n<li data-textformat=\"{&quot;ff&quot;:&quot;Arial&quot;}\" data-tabpoints=\"[{&quot;id&quot;:&quot;0&quot;,&quot;point&quot;:&quot;0.5in&quot;,&quot;align&quot;:0,&quot;leader&quot;:0}]\">\n<p class=\"zw-paragraph\"><span class=\"zw-portion\"><strong>Le plancher et le rail doivent \u00eatre de niveau<\/strong>. La surface du plancher ne devrait pas \u00eatre d\u00e9nivel\u00e9e par plus de : +\/- 1\/8\u00a0 dans 12&prime;. Le rail cependant sera install\u00e9 parfaitement de niveau.\u00a0<\/span><\/p>\n<\/li>\n<\/ul>\n<ul data-level=\"0\">\n<li data-textformat=\"{&quot;ff&quot;:&quot;Arial&quot;}\" data-tabpoints=\"[{&quot;id&quot;:&quot;0&quot;,&quot;point&quot;:&quot;0.5in&quot;,&quot;align&quot;:0,&quot;leader&quot;:0}]\">\n<p class=\"zw-paragraph\"><span class=\"zw-portion\">Si <\/span><span class=\"zw-portion\">la cloison repose sur un tapis alors<\/span><span class=\"zw-portion\">\u00a0<\/span><span class=\"zw-portion\">une bande <\/span><span class=\"zw-portion\">de m\u00e9tal <\/span><span class=\"zw-portion\">s\u2019\u00e9tendant au minimum<\/span><span class=\"zw-portion\"> de 4<\/span><span class=\"zw-portion\">\u2019\u2019<\/span><span class=\"zw-portion\"> de part et d\u2019autre de la cloison<\/span><span class=\"zw-portion\">\u00a0<\/span><span class=\"zw-portion\">ser<\/span><span class=\"zw-portion\">a<\/span><span class=\"zw-portion\"> install\u00e9<\/span><span class=\"zw-portion\">e<\/span><span class=\"zw-portion\">\u00a0<\/span><span class=\"zw-portion\">pour fournir une surface <\/span><span class=\"zw-portion\">lisse.<\/span><span class=\"zw-portion\">\u00a0 \u00a0 \u00a0\u00a0<\/span><\/p>\n<\/li>\n<\/ul>\n<ul data-level=\"0\">\n<li data-textformat=\"{&quot;ff&quot;:&quot;Arial&quot;}\" data-tabpoints=\"[{&quot;id&quot;:&quot;0&quot;,&quot;point&quot;:&quot;0.5in&quot;,&quot;align&quot;:0,&quot;leader&quot;:0}]\">\n<p class=\"zw-paragraph\"><span class=\"zw-portion\">L\u00e0 o\u00f9 <\/span><span class=\"zw-portion\">la cloison se <\/span><span class=\"zw-portion\">joint <\/span><span class=\"zw-portion\">au<\/span><span class=\"zw-portion\">x<\/span><span class=\"zw-portion\"> mur<\/span><span class=\"zw-portion\">s<\/span><span class=\"zw-portion\">\u00a0<\/span><span class=\"zw-portion\">permanent<\/span><span class=\"zw-portion\">s<\/span><span class=\"zw-portion\">\u00a0<\/span><span class=\"zw-portion\">avec <\/span><span class=\"zw-portion\">un<\/span><span class=\"zw-portion\"> panneau <\/span><span class=\"zw-portion\">t\u00e9lescopique<\/span><span class=\"zw-portion\">, <\/span><span class=\"zw-portion\">un boudin, un jambage<\/span><span class=\"zw-portion\"> fixe ou encastr\u00e9<\/span><span class=\"zw-portion\">,<\/span><span class=\"zw-portion\">\u00a0<\/span><span class=\"zw-portion\">la<\/span><span class=\"zw-portion\"> surface <\/span><span class=\"zw-portion\">doit \u00eatre lisse et <\/span><span class=\"zw-portion\">herm\u00e9tique<\/span><span class=\"zw-portion\">; les ouvertures devraient \u00eatre<\/span><span class=\"zw-portion\">\u00a0<\/span><span class=\"zw-portion\">obtur\u00e9es \u00e0 l\u2019aide<\/span><span class=\"zw-portion\"> d<\/span><span class=\"zw-portion\">\u2019un c<\/span><span class=\"zw-portion\">alf<\/span><span class=\"zw-portion\">a<\/span><span class=\"zw-portion\">tage acoustique clair. <strong>Des <\/strong><\/span><strong><span class=\"zw-portion\">d\u00e9tails<\/span><span class=\"zw-portion\"> de b\u00e2timent tel<\/span><span class=\"zw-portion\">s<\/span><span class=\"zw-portion\"> que des <\/span><span class=\"zw-portion\">plinthes <\/span><span class=\"zw-portion\">et <\/span><span class=\"zw-portion\">moulures<\/span><span class=\"zw-portion\"> murales<\/span><span class=\"zw-portion\"> seront entaill\u00e9<\/span><span class=\"zw-portion\">e<\/span><span class=\"zw-portion\">s ou modifi\u00e9<\/span><span class=\"zw-portion\">e<\/span><span class=\"zw-portion\">s pour \u00e9liminer les surfaces in\u00e9gales. <\/span><\/strong><span class=\"zw-portion\">L<\/span><span class=\"zw-portion\">a jonction <\/span><span class=\"zw-portion\">entre le rail et le plafond doit \u00eatre <\/span><span class=\"zw-portion\">calf<\/span><span class=\"zw-portion\">a<\/span><span class=\"zw-portion\">t<\/span><span class=\"zw-portion\">\u00e9e<\/span><span class=\"zw-portion\">.<\/span><\/p>\n<\/li>\n<\/ul>\n<ul data-level=\"0\">\n<li data-textformat=\"{&quot;ff&quot;:&quot;Arial&quot;}\" data-tabpoints=\"[{&quot;id&quot;:&quot;0&quot;,&quot;point&quot;:&quot;0.5in&quot;,&quot;align&quot;:0,&quot;leader&quot;:0}]\">\n<p class=\"zw-paragraph\"><strong><span class=\"zw-portion\">L<\/span><span class=\"zw-portion\">es <\/span><span class=\"zw-portion\">\u00ab <\/span><span class=\"zw-portion\">chemins de flanquement<\/span><span class=\"zw-portion\"> \u00bb<\/span><\/strong><span class=\"zw-portion\">\u00a0<\/span><span class=\"zw-portion\">les\u00a0 plus communs sont les<\/span><span class=\"zw-portion\"> conduit<\/span><span class=\"zw-portion\">s de <\/span><span class=\"zw-portion\">ventilation<\/span><span class=\"zw-portion\">, <\/span><span class=\"zw-portion\">le <\/span><span class=\"zw-portion\">c\u00e2blage<\/span><span class=\"zw-portion\"> \u00e9lectrique<\/span><span class=\"zw-portion\">,<\/span><span class=\"zw-portion\"> les conduits de gicleurs,<\/span><span class=\"zw-portion\">\u00a0<\/span><span class=\"zw-portion\">l<\/span><span class=\"zw-portion\">a <\/span><span class=\"zw-portion\">tuyauterie <\/span><span class=\"zw-portion\">pour l\u2019eau et le <\/span><span class=\"zw-portion\">gaz naturel, <\/span><span class=\"zw-portion\">les <\/span><span class=\"zw-portion\">plancher<\/span><span class=\"zw-portion\">s <\/span><span class=\"zw-portion\">couverts <\/span><span class=\"zw-portion\">de tapis<\/span><span class=\"zw-portion\"> ou in\u00e9gaux. Tout doit \u00eatre calf<\/span><span class=\"zw-portion\">a<\/span><span class=\"zw-portion\">t\u00e9 ou <\/span><span class=\"zw-portion\">scell\u00e9 <\/span><span class=\"zw-portion\">d\u2019une autre fa\u00e7on afin de<\/span><span class=\"zw-portion\"> r\u00e9duire au minimum le transfert <\/span><span class=\"zw-portion\">du son<\/span><span class=\"zw-portion\">. \u00a0\u00a0<\/span><\/p>\n<\/li>\n<\/ul>\n<p class=\"zw-paragraph\"><span style=\"text-decoration: underline;\"><strong><span class=\"zw-portion\">Consid\u00e9rations <\/span><span class=\"zw-portion\">de<\/span><span class=\"zw-portion\"> Conception<\/span><\/strong><\/span><\/p>\n<ul data-level=\"0\">\n<li data-textformat=\"{&quot;ff&quot;:&quot;Arial&quot;}\" data-tabpoints=\"[{&quot;id&quot;:&quot;0&quot;,&quot;point&quot;:&quot;0.5in&quot;,&quot;align&quot;:0,&quot;leader&quot;:0}]\">\n<p class=\"zw-paragraph\"><span class=\"zw-portion\">Une cloison d\u2019un<\/span><span class=\"zw-portion\"> CTS<\/span><span class=\"zw-portion\">\u00a0<\/span><span class=\"zw-portion\">minimum de <\/span><span class=\"zw-portion\">50 \u00e0 55<\/span><span class=\"zw-portion\">\u00a0<\/span><span class=\"zw-portion\">devrait \u00eatre employ\u00e9<\/span><span class=\"zw-portion\">e<\/span><span class=\"zw-portion\"> afin de permettre de conserver l\u2019int\u00e9grit\u00e9 de l\u2019\u00e9tanch\u00e9it\u00e9 <\/span><span class=\"zw-portion\">acoustique. Assurez-vous que l<\/span><span class=\"zw-portion\">e test de son<\/span><span class=\"zw-portion\">\u00a0<\/span><span class=\"zw-portion\">soit<\/span><span class=\"zw-portion\"> r\u00e9cent (pas plus de dix an<\/span><span class=\"zw-portion\">s<\/span><span class=\"zw-portion\">) OU<\/span><span class=\"zw-portion\"> que<\/span><span class=\"zw-portion\"> les r\u00e9sultats ont \u00e9t\u00e9 obtenus en utilisant une des 4 derni\u00e8res <\/span><span class=\"zw-portion\">versions<\/span><span class=\"zw-portion\"> d&rsquo;essai<\/span><span class=\"zw-portion\">s <\/span><span class=\"zw-portion\">ASTM E-90 (E-90-99, E-90-02, E-90-04 ou E-90-09) dans un laboratoire acoustique ind\u00e9pendant <\/span><span class=\"zw-portion\">accr\u00e9dit\u00e9<\/span><span class=\"zw-portion\"> (NVLAP).\u00a0<\/span><\/p>\n<\/li>\n<\/ul>\n<ul data-level=\"0\">\n<li data-textformat=\"{&quot;ff&quot;:&quot;Arial&quot;}\" data-tabpoints=\"[{&quot;id&quot;:&quot;0&quot;,&quot;point&quot;:&quot;0.5in&quot;,&quot;align&quot;:0,&quot;leader&quot;:0}]\">\n<p class=\"zw-paragraph\"><span class=\"zw-portion\">V\u00e9rifiez la description<\/span><span class=\"zw-portion\"> (<\/span><span class=\"zw-portion\">CTS<\/span><span class=\"zw-portion\"> \u00e9dit\u00e9)<\/span><span class=\"zw-portion\"> du sp\u00e9cimen <\/span><span class=\"zw-portion\">de cloison mis \u00e0 l\u2019essai<\/span><span class=\"zw-portion\">\u00a0<\/span><span class=\"zw-portion\">pour s\u2019assurer<\/span><span class=\"zw-portion\"> que ce qui <\/span><span class=\"zw-portion\">a \u00e9t\u00e9 test\u00e9 correspond \u00e0 ce qui <\/span><span class=\"zw-portion\">est fourni. Par exemple<\/span><span class=\"zw-portion\">,<\/span><span class=\"zw-portion\"> un <\/span><span class=\"zw-portion\">test de son<\/span><span class=\"zw-portion\"> peut indiquer l&rsquo;utilisation <\/span><span class=\"zw-portion\">d\u2019<\/span><span class=\"zw-portion\">une fermeture <\/span><span class=\"zw-portion\">t\u00e9lescopique<\/span><span class=\"zw-portion\"> mais la cloison propos\u00e9e peut \u00eatre bas\u00e9e sur une fermeture <\/span><span class=\"zw-portion\">pentur\u00e9e<\/span><span class=\"zw-portion\"> : <\/span><span class=\"zw-portion\">ce n\u2019est pas la m\u00eame chose et <\/span><span class=\"zw-portion\">peu<\/span><span class=\"zw-portion\">t ne pas avoir les r\u00e9sultats acoustiques <\/span><span class=\"zw-portion\">attendus<\/span><span class=\"zw-portion\">. V\u00e9rifiez en particulier que le sp\u00e9cimen de panneau<\/span><span class=\"zw-portion\">x<\/span><span class=\"zw-portion\">\u00a0<\/span><span class=\"zw-portion\">mis \u00e0 l\u2019essai<\/span><span class=\"zw-portion\">\u00a0<\/span><span class=\"zw-portion\">se d\u00e9ployait<\/span><span class=\"zw-portion\"> dans<\/span><span class=\"zw-portion\"> une ouverture g\u00e9n\u00e9ralement accept\u00e9e\u00a0 de<\/span><span class=\"zw-portion\">\u00a0<\/span><span class=\"zw-portion\">14<\/span><span class=\"zw-portion\">\u2019<\/span><span class=\"zw-portion\"> X <\/span><span class=\"zw-portion\">9<\/span><span class=\"zw-portion\">&lsquo;<\/span><span class=\"zw-portion\">,<\/span><span class=\"zw-portion\">\u00a0<\/span><span class=\"zw-portion\">ayant <\/span><span class=\"zw-portion\">3 panneaux minimum<\/span><span class=\"zw-portion\"> d\u2019une largeur d<\/span><span class=\"zw-portion\">\u2019au moins 48\u2019\u2019, <\/span><span class=\"zw-portion\">plus<\/span><span class=\"zw-portion\">\u00a0<\/span><span class=\"zw-portion\">le<\/span><span class=\"zw-portion\"> panneau de fermeture.<\/span><span class=\"zw-portion\"> Si l&rsquo;essai \u00e9tait effectu\u00e9 dans une plus petite ouverture avec des panneaux plus larges (<\/span><span class=\"zw-portion\">moins<\/span><span class=\"zw-portion\"> de joints entre les panneaux sont <\/span><span class=\"zw-portion\">test\u00e9s<\/span><span class=\"zw-portion\">) alors les r\u00e9sultats<\/span><span class=\"zw-portion\">\u00a0<\/span><span class=\"zw-portion\">d<\/span><span class=\"zw-portion\">u<\/span><span class=\"zw-portion\">\u00a0<\/span><span class=\"zw-portion\">CTS<\/span><span class=\"zw-portion\">\u00a0<\/span><span class=\"zw-portion\">obtenus <\/span><span class=\"zw-portion\">s<\/span><span class=\"zw-portion\">er<\/span><span class=\"zw-portion\">ont <\/span><span class=\"zw-portion\">discutables.<\/span><span class=\"zw-portion\">\u00a0<\/span><\/p>\n<\/li>\n<\/ul>\n<ul data-level=\"0\">\n<li data-textformat=\"{&quot;ff&quot;:&quot;Arial&quot;}\" data-tabpoints=\"[{&quot;id&quot;:&quot;0&quot;,&quot;point&quot;:&quot;0.5in&quot;,&quot;align&quot;:0,&quot;leader&quot;:0}]\">\n<p class=\"zw-paragraph\"><span class=\"zw-portion\">Les cloisons devraient se fermer contre <\/span><span class=\"zw-portion\">d<\/span><span class=\"zw-portion\">es murs permanents et <\/span><span class=\"zw-portion\">non sur l<\/span><span class=\"zw-portion\">es<\/span><span class=\"zw-portion\"> porte<\/span><span class=\"zw-portion\">s<\/span><span class=\"zw-portion\"> de niche.<\/span><span class=\"zw-portion\"> Les portes de<\/span><span class=\"zw-portion\"> niche<\/span><span class=\"zw-portion\"> ne sont<\/span><span class=\"zw-portion\"> pas reconnues pour avoir une<\/span><span class=\"zw-portion\"> aussi<\/span><span class=\"zw-portion\"> bonne<\/span><span class=\"zw-portion\"> qualit\u00e9<\/span><span class=\"zw-portion\"> acoustique.<\/span><\/p>\n<\/li>\n<\/ul>\n<ul data-level=\"0\">\n<li data-textformat=\"{&quot;ff&quot;:&quot;Arial&quot;}\" data-tabpoints=\"[{&quot;id&quot;:&quot;0&quot;,&quot;point&quot;:&quot;0.5in&quot;,&quot;align&quot;:0,&quot;leader&quot;:0}]\">\n<p class=\"zw-paragraph\"><span class=\"zw-portion\">Am\u00e9nagez<\/span><span class=\"zw-portion\"> les cloisons de fa\u00e7on \u00e0 \u00e9liminer ou r\u00e9duire au minimum l&rsquo;utilisation des portes de passage ou d&rsquo;autres ouvertures. N&#8217;employez pas de fen\u00eatres ou d&rsquo;autres dispositifs qui exigent des ouvertures dans <\/span><span class=\"zw-portion\">la clo<\/span><span class=\"zw-portion\">ison. <\/span><span class=\"zw-portion\">R\u00e9duisez<\/span><span class=\"zw-portion\"> au minimum<\/span><span class=\"zw-portion\">\u00a0<\/span><span class=\"zw-portion\">l&rsquo;utilisation d\u2019accessoires <\/span><span class=\"zw-portion\">encastr\u00e9s<\/span><span class=\"zw-portion\">\u00a0 <\/span><span class=\"zw-portion\">tels que tableaux d&rsquo;\u00e9criture et\u00a0 d\u2019affichage. <\/span><span class=\"zw-portion\">Installez ces <\/span><span class=\"zw-portion\">articles<\/span><span class=\"zw-portion\"> en surface<\/span><span class=\"zw-portion\">. Quand vous \u00ab perforez \u00bb la surface\u00a0 d&rsquo;une cloison test\u00e9e, un chemin<\/span><span class=\"zw-portion\"> de flanquement<\/span><span class=\"zw-portion\"> (un trou) pour <\/span><span class=\"zw-portion\">permettre le passage du son <\/span><span class=\"zw-portion\">\u00e0 travers ce panneau est <\/span><span class=\"zw-portion\">alors <\/span><span class=\"zw-portion\">cr\u00e9\u00e9.<\/span><\/p>\n<\/li>\n<\/ul>\n<ul data-level=\"0\">\n<li data-textformat=\"{&quot;ff&quot;:&quot;Arial&quot;}\" data-tabpoints=\"[{&quot;id&quot;:&quot;0&quot;,&quot;point&quot;:&quot;0.5in&quot;,&quot;align&quot;:0,&quot;leader&quot;:0}]\">\n<p class=\"zw-paragraph\"><span class=\"zw-portion\">Les joints <\/span><span class=\"zw-portion\">d\u2019\u00e9tanch\u00e9it\u00e9 du bas<\/span><span class=\"zw-portion\"> (de pr\u00e9f\u00e9rence m\u00e9caniquement actionn\u00e9s plut\u00f4t qu&rsquo;automatiques) devraient <\/span><span class=\"zw-portion\">sceller<\/span><span class=\"zw-portion\">\u00a0<\/span><span class=\"zw-portion\">contre une surface<\/span><span class=\"zw-portion\"> unie et<\/span><span class=\"zw-portion\"> dure<\/span><span class=\"zw-portion\"> et <\/span><span class=\"zw-portion\">non contre un tapis <\/span><span class=\"zw-portion\">ou d&rsquo;autres rev\u00eatements de sol non plats. Les fibres de tapis sont un chemin de flanquement important et le <\/span><span class=\"zw-portion\">son<\/span><span class=\"zw-portion\"> voyagera <\/span><span class=\"zw-portion\">\u00e0 travers celles-ci<\/span><span class=\"zw-portion\"> sous la cloison.\u00a0<\/span><\/p>\n<\/li>\n<\/ul>\n<ul data-level=\"0\">\n<li data-textformat=\"{&quot;ff&quot;:&quot;Arial&quot;}\" data-tabpoints=\"[{&quot;id&quot;:&quot;0&quot;,&quot;point&quot;:&quot;0.5in&quot;,&quot;align&quot;:0,&quot;leader&quot;:0}]\">\n<p class=\"zw-paragraph\"><span class=\"zw-portion\">Le <\/span><span class=\"zw-portion\">d\u00e9battement<\/span><span class=\"zw-portion\"> du joint d\u2019\u00e9tanch\u00e9it\u00e9 du bas <\/span><span class=\"zw-portion\">devrait \u00eatre <\/span><span class=\"zw-portion\">d\u2019un maximum de 2 \u2018\u2019<\/span><span class=\"zw-portion\">. Les joints m\u00e9caniquement activ\u00e9s sont pr\u00e9f\u00e9rable<\/span><span class=\"zw-portion\">s<\/span><span class=\"zw-portion\">\u00a0<\/span><span class=\"zw-portion\">aux joints <\/span><span class=\"zw-portion\">automatique<\/span><span class=\"zw-portion\">s<\/span><span class=\"zw-portion\"> car ils exercent une pression mesurable et pr\u00e9visible et sont donc meilleurs acoustique<\/span><span class=\"zw-portion\">ment<\/span><span class=\"zw-portion\">. <\/span><span class=\"zw-portion\">Un joint du bas <\/span><span class=\"zw-portion\">avec d\u00e9battement de <\/span><span class=\"zw-portion\">p<\/span><span class=\"zw-portion\">lus de 2<\/span><span class=\"zw-portion\">\u2019\u2019<\/span><span class=\"zw-portion\"> exige une pl<\/span><span class=\"zw-portion\">us grande cavit\u00e9 dans la base du<\/span><span class=\"zw-portion\"> panneau<\/span><span class=\"zw-portion\">, une fuite acoustique due au vide en r\u00e9sultera.<\/span><span class=\"zw-portion\">\u00a0<\/span><\/p>\n<\/li>\n<\/ul>\n<ul data-level=\"0\">\n<li data-textformat=\"{&quot;ff&quot;:&quot;Arial&quot;}\" data-tabpoints=\"[{&quot;id&quot;:&quot;0&quot;,&quot;point&quot;:&quot;0.5in&quot;,&quot;align&quot;:0,&quot;leader&quot;:0}]\">\n<p class=\"zw-paragraph\"><span class=\"zw-portion\">Les syst\u00e8mes de rails <\/span><span class=\"zw-portion\">qui ont <\/span><span class=\"zw-portion\">des<\/span><span class=\"zw-portion\"> moulure<\/span><span class=\"zw-portion\">s<\/span><span class=\"zw-portion\">\u00a0<\/span><span class=\"zw-portion\">int\u00e9gr\u00e9es<\/span><span class=\"zw-portion\">\u00a0<\/span><span class=\"zw-portion\">sur l<\/span><span class=\"zw-portion\">es<\/span><span class=\"zw-portion\">quel<\/span><span class=\"zw-portion\">le<\/span><span class=\"zw-portion\">s<\/span><span class=\"zw-portion\"> le<\/span><span class=\"zw-portion\">s <\/span><span class=\"zw-portion\">garnitures fixes<\/span><span class=\"zw-portion\"> d<\/span><span class=\"zw-portion\">u<\/span><span class=\"zw-portion\"> haut <\/span><span class=\"zw-portion\">de la cloison <\/span><span class=\"zw-portion\">sont<\/span><span class=\"zw-portion\"> en contact<\/span><span class=\"zw-portion\">,<\/span><span class=\"zw-portion\">\u00a0<\/span><span class=\"zw-portion\">sont <\/span><span class=\"zw-portion\">pr\u00e9f\u00e9rables aux syst\u00e8mes <\/span><span class=\"zw-portion\">qui ont <\/span><span class=\"zw-portion\">des<\/span><span class=\"zw-portion\"> moulure<\/span><span class=\"zw-portion\">s<\/span><span class=\"zw-portion\"> ind\u00e9pendantes<\/span><span class=\"zw-portion\">. Les <\/span><span class=\"zw-portion\">moulures<\/span><span class=\"zw-portion\">\u00a0<\/span><span class=\"zw-portion\">ind\u00e9pendantes<\/span><span class=\"zw-portion\"> ont les <\/span><span class=\"zw-portion\">ar\u00eates<\/span><span class=\"zw-portion\"> irr\u00e9guli<\/span><span class=\"zw-portion\">\u00e8<\/span><span class=\"zw-portion\">r<\/span><span class=\"zw-portion\">e<\/span><span class=\"zw-portion\">s o\u00f9 l<\/span><span class=\"zw-portion\">e<\/span><span class=\"zw-portion\">\u00a0<\/span><span class=\"zw-portion\">rail <\/span><span class=\"zw-portion\">et l<\/span><span class=\"zw-portion\">a moulure <\/span><span class=\"zw-portion\">se <\/span><span class=\"zw-portion\">joignent<\/span><span class=\"zw-portion\">;<\/span><span class=\"zw-portion\">\u00a0<\/span><span class=\"zw-portion\">\u00e9galement \u00e0 la jonction de<\/span><span class=\"zw-portion\"> l<\/span><span class=\"zw-portion\">a moulure<\/span><span class=\"zw-portion\"> et <\/span><span class=\"zw-portion\">du<\/span><span class=\"zw-portion\"> plafond<\/span><span class=\"zw-portion\">.<\/span><span class=\"zw-portion\"> \u00c0 moins que ces lacunes soient calf<\/span><span class=\"zw-portion\">at<\/span><span class=\"zw-portion\">\u00e9es<\/span><span class=\"zw-portion\">,<\/span><span class=\"zw-portion\"> un chemin de flanquement <\/span><span class=\"zw-portion\">est<\/span><span class=\"zw-portion\"> cr\u00e9\u00e9.<\/span><\/p>\n<\/li>\n<\/ul>\n<ul data-level=\"0\">\n<li data-textformat=\"{&quot;ff&quot;:&quot;Arial&quot;}\" data-tabpoints=\"[{&quot;id&quot;:&quot;0&quot;,&quot;point&quot;:&quot;0.5in&quot;,&quot;align&quot;:0,&quot;leader&quot;:0}]\">\n<p class=\"zw-paragraph\"><span class=\"zw-portion\">Certains<\/span><span class=\"zw-portion\"> syst\u00e8mes de <\/span><span class=\"zw-portion\">rails<\/span><span class=\"zw-portion\"> ont <\/span><span class=\"zw-portion\">d<\/span><span class=\"zw-portion\">es <\/span><span class=\"zw-portion\">moulures<\/span><span class=\"zw-portion\">\u00a0<\/span><span class=\"zw-portion\">optionnelles<\/span><span class=\"zw-portion\">\u00a0<\/span><span class=\"zw-portion\">u<\/span><span class=\"zw-portion\">tilis\u00e9<\/span><span class=\"zw-portion\">e<\/span><span class=\"zw-portion\">s comme <\/span><span class=\"zw-portion\">transition<\/span><span class=\"zw-portion\"> entre l<\/span><span class=\"zw-portion\">e<\/span><span class=\"zw-portion\">\u00a0<\/span><span class=\"zw-portion\">rail<\/span><span class=\"zw-portion\"> et l<\/span><span class=\"zw-portion\">a finition du <\/span><span class=\"zw-portion\">plafond<\/span><span class=\"zw-portion\">.<\/span><span class=\"zw-portion\">\u00a0<\/span><span class=\"zw-portion\">Ces <\/span><span class=\"zw-portion\">pi\u00e8ces<\/span><span class=\"zw-portion\"> sont <\/span><span class=\"zw-portion\">esth\u00e9tiques <\/span><span class=\"zw-portion\">seulement <\/span><span class=\"zw-portion\">et n<\/span><span class=\"zw-portion\">e<\/span><span class=\"zw-portion\">\u00a0<\/span><span class=\"zw-portion\">sont pas consid\u00e9r\u00e9es <\/span><span class=\"zw-portion\">comme<\/span><span class=\"zw-portion\"> faisant partie du soffite.<\/span><span class=\"zw-portion\">\u00a0\u00a0<\/span><\/p>\n<\/li>\n<\/ul>\n<ul data-level=\"0\">\n<li data-textformat=\"{&quot;ff&quot;:&quot;Arial&quot;}\" data-tabpoints=\"[{&quot;id&quot;:&quot;0&quot;,&quot;point&quot;:&quot;0.5in&quot;,&quot;align&quot;:0,&quot;leader&quot;:0}]\">\n<p class=\"zw-paragraph\"><span class=\"zw-portion\">On doit \u00e9viter<\/span><span class=\"zw-portion\">\u00a0<\/span><span class=\"zw-portion\">les<\/span><span class=\"zw-portion\"> intersections de <\/span><span class=\"zw-portion\">rails<\/span><span class=\"zw-portion\"> qui <\/span><span class=\"zw-portion\">traversent<\/span><span class=\"zw-portion\"> perpendiculaire<\/span><span class=\"zw-portion\">ment <\/span><span class=\"zw-portion\">\u00a0<\/span><span class=\"zw-portion\">la cloison.<\/span><span class=\"zw-portion\"> L\u00e0<\/span><span class=\"zw-portion\"> o\u00f9 la cloison croise le rail, l<\/span><span class=\"zw-portion\">e vide dans l<\/span><span class=\"zw-portion\">e<\/span><span class=\"zw-portion\">\u00a0<\/span><span class=\"zw-portion\">rail<\/span><span class=\"zw-portion\"> permettra<\/span><span class=\"zw-portion\">it<\/span><span class=\"zw-portion\"> le transfert du <\/span><span class=\"zw-portion\">s<\/span><span class=\"zw-portion\">on.<\/span><span class=\"zw-portion\">\u00a0\u00a0<\/span><\/p>\n<\/li>\n<\/ul>\n<ul data-level=\"0\">\n<li data-textformat=\"{&quot;ff&quot;:&quot;Arial&quot;}\" data-tabpoints=\"[{&quot;id&quot;:&quot;0&quot;,&quot;point&quot;:&quot;0.5in&quot;,&quot;align&quot;:0,&quot;leader&quot;:0}]\">\n<p class=\"zw-paragraph\"><span class=\"zw-portion\">Une fermeture <\/span><span class=\"zw-portion\">incluant un jambage <\/span><span class=\"zw-portion\">t\u00e9lescopique<\/span><span class=\"zw-portion\"> est pr\u00e9f\u00e9rable \u00e0 tou<\/span><span class=\"zw-portion\">te<\/span><span class=\"zw-portion\">s autres<\/span><span class=\"zw-portion\"> et obligatoire <\/span><span class=\"zw-portion\">dans le cas o\u00f9 <\/span><span class=\"zw-portion\">c&rsquo;\u00e9tait la fermeture utilis\u00e9e dans l&rsquo;essai en laboratoire. \u00a0<\/span><\/p>\n<\/li>\n<\/ul>\n<p class=\"zw-paragraph\"><strong><span class=\"zw-portion\">Enfin ASTM E-557 est intitul\u00e9 \u00ab guide standard pour l&rsquo;installation des cloisons <\/span><span class=\"zw-portion\">mobiles<\/span><span class=\"zw-portion\">\u00bb mais <\/span><span class=\"zw-portion\">de plus, <\/span><span class=\"zw-portion\">c\u2019est <\/span><span class=\"zw-portion\">un guide quant \u00e0 la fa\u00e7on<\/span><span class=\"zw-portion\"> de<\/span><span class=\"zw-portion\"> r\u00e9duire au minimum \u00ab les chemins de flanquement \u00bb. J<\/span><span class=\"zw-portion\">e vous <\/span><span class=\"zw-portion\">encouragerais tous \u00e0 le lire. <\/span><span class=\"zw-portion\">\u00a0<\/span><\/strong><\/p>\n<p class=\"zw-paragraph\"><span style=\"text-decoration: underline;\"><strong><span class=\"zw-portion\">\u00c0 suivre\u2026<\/span><\/strong><\/span><\/p>\n","protected":false},"excerpt":{"rendered":"<p>Dans le blog pr\u00e9c\u00e9dent, nous avons couvert le \u00ab son \u00bb, qu\u2019est-ce que c\u2019est et les principes de conception du panneau et sa fabrication afin de r\u00e9duire au minimum le transfert du son \u00ab \u00e0 travers \u00bb une cloison install\u00e9e.\u00a0\u00a0 Le transfert de son ne se produit pas toujours \u00ab \u00e0 travers \u00bb la cloison&#8230;.<\/p>\n","protected":false},"author":1,"featured_media":7834,"comment_status":"closed","ping_status":"closed","sticky":false,"template":"","format":"standard","meta":{"_acf_changed":false,"_bbp_topic_count":0,"_bbp_reply_count":0,"_bbp_total_topic_count":0,"_bbp_total_reply_count":0,"_bbp_voice_count":0,"_bbp_anonymous_reply_count":0,"_bbp_topic_count_hidden":0,"_bbp_reply_count_hidden":0,"_bbp_forum_subforum_count":0,"footnotes":""},"categories":[55,1],"tags":[],"class_list":["post-1652","post","type-post","status-publish","format-standard","has-post-thumbnail","hentry","category-nouvelles-et-evenements","category-uncategorized"],"acf":[],"yoast_head":"<!-- This site is optimized with the Yoast SEO plugin v26.2 - https:\/\/yoast.com\/wordpress\/plugins\/seo\/ -->\n<title>Moderco - La fabrication et les consid\u00e9rations de conception<\/title>\n<meta name=\"description\" content=\"Le transfert de son ne se produit pas toujours &quot;\u00e0 travers&quot; la cloison. Voici une liste de conseils de construction de b\u00e2timents et de conceptions.\" \/>\n<meta name=\"robots\" content=\"index, follow, max-snippet:-1, max-image-preview:large, max-video-preview:-1\" \/>\n<link rel=\"canonical\" href=\"https:\/\/www.moderco.com\/fr\/la-fabrication-et-les-considerations-de-conception\/\" \/>\n<meta property=\"og:locale\" content=\"fr_FR\" \/>\n<meta property=\"og:type\" content=\"article\" \/>\n<meta property=\"og:title\" content=\"Moderco - La fabrication et les consid\u00e9rations de conception\" \/>\n<meta property=\"og:description\" content=\"Le transfert de son ne se produit pas toujours &quot;\u00e0 travers&quot; la cloison. Voici une liste de conseils de construction de b\u00e2timents et de conceptions.\" \/>\n<meta property=\"og:url\" content=\"https:\/\/www.moderco.com\/fr\/la-fabrication-et-les-considerations-de-conception\/\" \/>\n<meta property=\"og:site_name\" content=\"Moderco\" \/>\n<meta property=\"article:published_time\" content=\"2015-12-02T17:08:14+00:00\" \/>\n<meta property=\"article:modified_time\" content=\"2025-11-06T13:17:58+00:00\" \/>\n<meta property=\"og:image\" content=\"https:\/\/www.moderco.com\/wp-content\/uploads\/2016\/03\/quiet-room-part-021.jpg\" \/>\n\t<meta property=\"og:image:width\" content=\"317\" \/>\n\t<meta property=\"og:image:height\" content=\"230\" \/>\n\t<meta property=\"og:image:type\" content=\"image\/jpeg\" \/>\n<meta name=\"author\" content=\"shoogadev\" \/>\n<meta name=\"twitter:label1\" content=\"\u00c9crit par\" \/>\n\t<meta name=\"twitter:data1\" content=\"shoogadev\" \/>\n\t<meta name=\"twitter:label2\" content=\"Dur\u00e9e de lecture estim\u00e9e\" \/>\n\t<meta name=\"twitter:data2\" content=\"6 minutes\" \/>\n<script type=\"application\/ld+json\" class=\"yoast-schema-graph\">{\"@context\":\"https:\/\/schema.org\",\"@graph\":[{\"@type\":\"Article\",\"@id\":\"https:\/\/www.moderco.com\/fr\/la-fabrication-et-les-considerations-de-conception\/#article\",\"isPartOf\":{\"@id\":\"https:\/\/www.moderco.com\/fr\/la-fabrication-et-les-considerations-de-conception\/\"},\"author\":{\"name\":\"shoogadev\",\"@id\":\"https:\/\/www.moderco.com\/#\/schema\/person\/8bef2cc0a7fc3cbf4d4f68dd8e610bf0\"},\"headline\":\"La fabrication et les consid\u00e9rations de conception\",\"datePublished\":\"2015-12-02T17:08:14+00:00\",\"dateModified\":\"2025-11-06T13:17:58+00:00\",\"mainEntityOfPage\":{\"@id\":\"https:\/\/www.moderco.com\/fr\/la-fabrication-et-les-considerations-de-conception\/\"},\"wordCount\":1415,\"publisher\":{\"@id\":\"https:\/\/www.moderco.com\/#organization\"},\"image\":{\"@id\":\"https:\/\/www.moderco.com\/fr\/la-fabrication-et-les-considerations-de-conception\/#primaryimage\"},\"thumbnailUrl\":\"https:\/\/www.moderco.com\/wp-content\/uploads\/2016\/03\/quiet-room-part-021.jpg\",\"articleSection\":[\"Nouvelles et \u00c9v\u00e9nements\",\"Uncategorized\"],\"inLanguage\":\"fr-FR\"},{\"@type\":\"WebPage\",\"@id\":\"https:\/\/www.moderco.com\/fr\/la-fabrication-et-les-considerations-de-conception\/\",\"url\":\"https:\/\/www.moderco.com\/fr\/la-fabrication-et-les-considerations-de-conception\/\",\"name\":\"Moderco - La fabrication et les consid\u00e9rations de conception\",\"isPartOf\":{\"@id\":\"https:\/\/www.moderco.com\/#website\"},\"primaryImageOfPage\":{\"@id\":\"https:\/\/www.moderco.com\/fr\/la-fabrication-et-les-considerations-de-conception\/#primaryimage\"},\"image\":{\"@id\":\"https:\/\/www.moderco.com\/fr\/la-fabrication-et-les-considerations-de-conception\/#primaryimage\"},\"thumbnailUrl\":\"https:\/\/www.moderco.com\/wp-content\/uploads\/2016\/03\/quiet-room-part-021.jpg\",\"datePublished\":\"2015-12-02T17:08:14+00:00\",\"dateModified\":\"2025-11-06T13:17:58+00:00\",\"description\":\"Le transfert de son ne se produit pas toujours \\\"\u00e0 travers\\\" la cloison. Voici une liste de conseils de construction de b\u00e2timents et de conceptions.\",\"breadcrumb\":{\"@id\":\"https:\/\/www.moderco.com\/fr\/la-fabrication-et-les-considerations-de-conception\/#breadcrumb\"},\"inLanguage\":\"fr-FR\",\"potentialAction\":[{\"@type\":\"ReadAction\",\"target\":[\"https:\/\/www.moderco.com\/fr\/la-fabrication-et-les-considerations-de-conception\/\"]}]},{\"@type\":\"ImageObject\",\"inLanguage\":\"fr-FR\",\"@id\":\"https:\/\/www.moderco.com\/fr\/la-fabrication-et-les-considerations-de-conception\/#primaryimage\",\"url\":\"https:\/\/www.moderco.com\/wp-content\/uploads\/2016\/03\/quiet-room-part-021.jpg\",\"contentUrl\":\"https:\/\/www.moderco.com\/wp-content\/uploads\/2016\/03\/quiet-room-part-021.jpg\",\"width\":317,\"height\":230},{\"@type\":\"BreadcrumbList\",\"@id\":\"https:\/\/www.moderco.com\/fr\/la-fabrication-et-les-considerations-de-conception\/#breadcrumb\",\"itemListElement\":[{\"@type\":\"ListItem\",\"position\":1,\"name\":\"Home\",\"item\":\"https:\/\/www.moderco.com\/fr\/\"},{\"@type\":\"ListItem\",\"position\":2,\"name\":\"La fabrication et les consid\u00e9rations de conception\"}]},{\"@type\":\"WebSite\",\"@id\":\"https:\/\/www.moderco.com\/#website\",\"url\":\"https:\/\/www.moderco.com\/\",\"name\":\"Moderco\",\"description\":\"Un site utilisant WordPress\",\"publisher\":{\"@id\":\"https:\/\/www.moderco.com\/#organization\"},\"potentialAction\":[{\"@type\":\"SearchAction\",\"target\":{\"@type\":\"EntryPoint\",\"urlTemplate\":\"https:\/\/www.moderco.com\/?s={search_term_string}\"},\"query-input\":{\"@type\":\"PropertyValueSpecification\",\"valueRequired\":true,\"valueName\":\"search_term_string\"}}],\"inLanguage\":\"fr-FR\"},{\"@type\":\"Organization\",\"@id\":\"https:\/\/www.moderco.com\/#organization\",\"name\":\"Moderco\",\"url\":\"https:\/\/www.moderco.com\/\",\"logo\":{\"@type\":\"ImageObject\",\"inLanguage\":\"fr-FR\",\"@id\":\"https:\/\/www.moderco.com\/#\/schema\/logo\/image\/\",\"url\":\"https:\/\/www.moderco.com\/wp-content\/uploads\/2026\/02\/moderco-site-logo.webp\",\"contentUrl\":\"https:\/\/www.moderco.com\/wp-content\/uploads\/2026\/02\/moderco-site-logo.webp\",\"width\":700,\"height\":700,\"caption\":\"Moderco\"},\"image\":{\"@id\":\"https:\/\/www.moderco.com\/#\/schema\/logo\/image\/\"}},{\"@type\":\"Person\",\"@id\":\"https:\/\/www.moderco.com\/#\/schema\/person\/8bef2cc0a7fc3cbf4d4f68dd8e610bf0\",\"name\":\"shoogadev\",\"image\":{\"@type\":\"ImageObject\",\"inLanguage\":\"fr-FR\",\"@id\":\"https:\/\/www.moderco.com\/#\/schema\/person\/image\/\",\"url\":\"https:\/\/secure.gravatar.com\/avatar\/14469585b8928eaf8fbb5aca8b68fbe4b385119d1d3f47bf9c14e05b2efa87d3?s=96&d=mm&r=g\",\"contentUrl\":\"https:\/\/secure.gravatar.com\/avatar\/14469585b8928eaf8fbb5aca8b68fbe4b385119d1d3f47bf9c14e05b2efa87d3?s=96&d=mm&r=g\",\"caption\":\"shoogadev\"}}]}<\/script>\n<!-- \/ Yoast SEO plugin. -->","yoast_head_json":{"title":"Moderco - La fabrication et les consid\u00e9rations de conception","description":"Le transfert de son ne se produit pas toujours \"\u00e0 travers\" la cloison. Voici une liste de conseils de construction de b\u00e2timents et de conceptions.","robots":{"index":"index","follow":"follow","max-snippet":"max-snippet:-1","max-image-preview":"max-image-preview:large","max-video-preview":"max-video-preview:-1"},"canonical":"https:\/\/www.moderco.com\/fr\/la-fabrication-et-les-considerations-de-conception\/","og_locale":"fr_FR","og_type":"article","og_title":"Moderco - La fabrication et les consid\u00e9rations de conception","og_description":"Le transfert de son ne se produit pas toujours \"\u00e0 travers\" la cloison. Voici une liste de conseils de construction de b\u00e2timents et de conceptions.","og_url":"https:\/\/www.moderco.com\/fr\/la-fabrication-et-les-considerations-de-conception\/","og_site_name":"Moderco","article_published_time":"2015-12-02T17:08:14+00:00","article_modified_time":"2025-11-06T13:17:58+00:00","og_image":[{"width":317,"height":230,"url":"https:\/\/www.moderco.com\/wp-content\/uploads\/2016\/03\/quiet-room-part-021.jpg","type":"image\/jpeg"}],"author":"shoogadev","twitter_misc":{"\u00c9crit par":"shoogadev","Dur\u00e9e de lecture estim\u00e9e":"6 minutes"},"schema":{"@context":"https:\/\/schema.org","@graph":[{"@type":"Article","@id":"https:\/\/www.moderco.com\/fr\/la-fabrication-et-les-considerations-de-conception\/#article","isPartOf":{"@id":"https:\/\/www.moderco.com\/fr\/la-fabrication-et-les-considerations-de-conception\/"},"author":{"name":"shoogadev","@id":"https:\/\/www.moderco.com\/#\/schema\/person\/8bef2cc0a7fc3cbf4d4f68dd8e610bf0"},"headline":"La fabrication et les consid\u00e9rations de conception","datePublished":"2015-12-02T17:08:14+00:00","dateModified":"2025-11-06T13:17:58+00:00","mainEntityOfPage":{"@id":"https:\/\/www.moderco.com\/fr\/la-fabrication-et-les-considerations-de-conception\/"},"wordCount":1415,"publisher":{"@id":"https:\/\/www.moderco.com\/#organization"},"image":{"@id":"https:\/\/www.moderco.com\/fr\/la-fabrication-et-les-considerations-de-conception\/#primaryimage"},"thumbnailUrl":"https:\/\/www.moderco.com\/wp-content\/uploads\/2016\/03\/quiet-room-part-021.jpg","articleSection":["Nouvelles et \u00c9v\u00e9nements","Uncategorized"],"inLanguage":"fr-FR"},{"@type":"WebPage","@id":"https:\/\/www.moderco.com\/fr\/la-fabrication-et-les-considerations-de-conception\/","url":"https:\/\/www.moderco.com\/fr\/la-fabrication-et-les-considerations-de-conception\/","name":"Moderco - La fabrication et les consid\u00e9rations de conception","isPartOf":{"@id":"https:\/\/www.moderco.com\/#website"},"primaryImageOfPage":{"@id":"https:\/\/www.moderco.com\/fr\/la-fabrication-et-les-considerations-de-conception\/#primaryimage"},"image":{"@id":"https:\/\/www.moderco.com\/fr\/la-fabrication-et-les-considerations-de-conception\/#primaryimage"},"thumbnailUrl":"https:\/\/www.moderco.com\/wp-content\/uploads\/2016\/03\/quiet-room-part-021.jpg","datePublished":"2015-12-02T17:08:14+00:00","dateModified":"2025-11-06T13:17:58+00:00","description":"Le transfert de son ne se produit pas toujours \"\u00e0 travers\" la cloison. Voici une liste de conseils de construction de b\u00e2timents et de conceptions.","breadcrumb":{"@id":"https:\/\/www.moderco.com\/fr\/la-fabrication-et-les-considerations-de-conception\/#breadcrumb"},"inLanguage":"fr-FR","potentialAction":[{"@type":"ReadAction","target":["https:\/\/www.moderco.com\/fr\/la-fabrication-et-les-considerations-de-conception\/"]}]},{"@type":"ImageObject","inLanguage":"fr-FR","@id":"https:\/\/www.moderco.com\/fr\/la-fabrication-et-les-considerations-de-conception\/#primaryimage","url":"https:\/\/www.moderco.com\/wp-content\/uploads\/2016\/03\/quiet-room-part-021.jpg","contentUrl":"https:\/\/www.moderco.com\/wp-content\/uploads\/2016\/03\/quiet-room-part-021.jpg","width":317,"height":230},{"@type":"BreadcrumbList","@id":"https:\/\/www.moderco.com\/fr\/la-fabrication-et-les-considerations-de-conception\/#breadcrumb","itemListElement":[{"@type":"ListItem","position":1,"name":"Home","item":"https:\/\/www.moderco.com\/fr\/"},{"@type":"ListItem","position":2,"name":"La fabrication et les consid\u00e9rations de conception"}]},{"@type":"WebSite","@id":"https:\/\/www.moderco.com\/#website","url":"https:\/\/www.moderco.com\/","name":"Moderco","description":"Un site utilisant WordPress","publisher":{"@id":"https:\/\/www.moderco.com\/#organization"},"potentialAction":[{"@type":"SearchAction","target":{"@type":"EntryPoint","urlTemplate":"https:\/\/www.moderco.com\/?s={search_term_string}"},"query-input":{"@type":"PropertyValueSpecification","valueRequired":true,"valueName":"search_term_string"}}],"inLanguage":"fr-FR"},{"@type":"Organization","@id":"https:\/\/www.moderco.com\/#organization","name":"Moderco","url":"https:\/\/www.moderco.com\/","logo":{"@type":"ImageObject","inLanguage":"fr-FR","@id":"https:\/\/www.moderco.com\/#\/schema\/logo\/image\/","url":"https:\/\/www.moderco.com\/wp-content\/uploads\/2026\/02\/moderco-site-logo.webp","contentUrl":"https:\/\/www.moderco.com\/wp-content\/uploads\/2026\/02\/moderco-site-logo.webp","width":700,"height":700,"caption":"Moderco"},"image":{"@id":"https:\/\/www.moderco.com\/#\/schema\/logo\/image\/"}},{"@type":"Person","@id":"https:\/\/www.moderco.com\/#\/schema\/person\/8bef2cc0a7fc3cbf4d4f68dd8e610bf0","name":"shoogadev","image":{"@type":"ImageObject","inLanguage":"fr-FR","@id":"https:\/\/www.moderco.com\/#\/schema\/person\/image\/","url":"https:\/\/secure.gravatar.com\/avatar\/14469585b8928eaf8fbb5aca8b68fbe4b385119d1d3f47bf9c14e05b2efa87d3?s=96&d=mm&r=g","contentUrl":"https:\/\/secure.gravatar.com\/avatar\/14469585b8928eaf8fbb5aca8b68fbe4b385119d1d3f47bf9c14e05b2efa87d3?s=96&d=mm&r=g","caption":"shoogadev"}}]}},"_links":{"self":[{"href":"https:\/\/www.moderco.com\/fr\/wp-json\/wp\/v2\/posts\/1652","targetHints":{"allow":["GET"]}}],"collection":[{"href":"https:\/\/www.moderco.com\/fr\/wp-json\/wp\/v2\/posts"}],"about":[{"href":"https:\/\/www.moderco.com\/fr\/wp-json\/wp\/v2\/types\/post"}],"author":[{"embeddable":true,"href":"https:\/\/www.moderco.com\/fr\/wp-json\/wp\/v2\/users\/1"}],"replies":[{"embeddable":true,"href":"https:\/\/www.moderco.com\/fr\/wp-json\/wp\/v2\/comments?post=1652"}],"version-history":[{"count":2,"href":"https:\/\/www.moderco.com\/fr\/wp-json\/wp\/v2\/posts\/1652\/revisions"}],"predecessor-version":[{"id":42933,"href":"https:\/\/www.moderco.com\/fr\/wp-json\/wp\/v2\/posts\/1652\/revisions\/42933"}],"wp:featuredmedia":[{"embeddable":true,"href":"https:\/\/www.moderco.com\/fr\/wp-json\/wp\/v2\/media\/7834"}],"wp:attachment":[{"href":"https:\/\/www.moderco.com\/fr\/wp-json\/wp\/v2\/media?parent=1652"}],"wp:term":[{"taxonomy":"category","embeddable":true,"href":"https:\/\/www.moderco.com\/fr\/wp-json\/wp\/v2\/categories?post=1652"},{"taxonomy":"post_tag","embeddable":true,"href":"https:\/\/www.moderco.com\/fr\/wp-json\/wp\/v2\/tags?post=1652"}],"curies":[{"name":"wp","href":"https:\/\/api.w.org\/{rel}","templated":true}]}}