{"id":18395,"date":"2020-05-20T21:33:28","date_gmt":"2020-05-20T21:33:28","guid":{"rendered":"https:\/\/www.moderco.com\/?p=18395"},"modified":"2025-11-06T13:15:52","modified_gmt":"2025-11-06T13:15:52","slug":"notre-pland-daction-covid-19","status":"publish","type":"post","link":"https:\/\/www.moderco.com\/fr\/notre-pland-daction-covid-19\/","title":{"rendered":"Notre plan d&rsquo;action COVID-19"},"content":{"rendered":"<p><a href=\"https:\/\/www.moderco.com\/wp-content\/uploads\/2020\/05\/moderco-covid-pano.jpg\"><img loading=\"lazy\" decoding=\"async\" class=\"alignnone size-full wp-image-18369\" src=\"https:\/\/www.moderco.com\/wp-content\/uploads\/2020\/05\/moderco-covid-pano.jpg\" alt=\"\" width=\"2048\" height=\"492\" srcset=\"https:\/\/www.moderco.com\/wp-content\/uploads\/2020\/05\/moderco-covid-pano.jpg 2048w, https:\/\/www.moderco.com\/wp-content\/uploads\/2020\/05\/moderco-covid-pano-300x72.jpg 300w, https:\/\/www.moderco.com\/wp-content\/uploads\/2020\/05\/moderco-covid-pano-768x185.jpg 768w, https:\/\/www.moderco.com\/wp-content\/uploads\/2020\/05\/moderco-covid-pano-1024x246.jpg 1024w, https:\/\/www.moderco.com\/wp-content\/uploads\/2020\/05\/moderco-covid-pano-200x48.jpg 200w\" sizes=\"auto, (max-width: 2048px) 100vw, 2048px\" \/><\/a><\/p>\n<p>L\u2019atout principal de Moderco est ses associ\u00e9s. Nous produisons des cloisons de haute qualit\u00e9, mais notre force, la fondation de notre succ\u00e8s, sont ceux qui se pr\u00e9sente fid\u00e8lement chaque jour au travail. En tant que pr\u00e9sident de Moderco, je veux confirmer que cet \u00e9nonc\u00e9 est vrai et encore plus durant ces temps difficiles.\u00a0<u><\/u><u><\/u><\/p>\n<p>Moderco doit son succ\u00e8s \u00e0 la d\u00e9dication et \u00e0 la loyaut\u00e9 de ses 180 associ\u00e9s, ind\u00e9pendamment de leur position ou responsabilit\u00e9. Nous sommes \u00e9gaux dans tous les aspects.\u00a0<u><\/u><u><\/u><\/p>\n<p>La sant\u00e9 et le bien-\u00eatre de nos associ\u00e9s, familles et amis est notre priorit\u00e9 num\u00e9ro #1. Nous avons introduit tous les standards d\u2019hygi\u00e8nes et de distanciations sociales recommand\u00e9s par le gouvernement du Canada. Nous allons continuer de respecter ces standards longtemps apr\u00e8s cette pand\u00e9mie. Moderco va sortir de ces temps difficiles plus fort que jamais. Merci.<\/p>\n","protected":false},"excerpt":{"rendered":"<p>L\u2019atout principal de Moderco est ses associ\u00e9s. Nous produisons des cloisons de haute qualit\u00e9, mais notre force, la fondation de notre succ\u00e8s, sont ceux qui se pr\u00e9sente fid\u00e8lement chaque jour au travail. En tant que pr\u00e9sident de Moderco, je veux confirmer que cet \u00e9nonc\u00e9 est vrai et encore plus durant ces temps difficiles.\u00a0 Moderco doit&#8230;<\/p>\n","protected":false},"author":1,"featured_media":18364,"comment_status":"open","ping_status":"closed","sticky":false,"template":"","format":"standard","meta":{"_acf_changed":false,"_bbp_topic_count":0,"_bbp_reply_count":0,"_bbp_total_topic_count":0,"_bbp_total_reply_count":0,"_bbp_voice_count":0,"_bbp_anonymous_reply_count":0,"_bbp_topic_count_hidden":0,"_bbp_reply_count_hidden":0,"_bbp_forum_subforum_count":0,"footnotes":""},"categories":[55],"tags":[],"class_list":["post-18395","post","type-post","status-publish","format-standard","has-post-thumbnail","hentry","category-nouvelles-et-evenements"],"acf":[],"yoast_head":"<!-- This site is optimized with the Yoast SEO plugin v26.2 - https:\/\/yoast.com\/wordpress\/plugins\/seo\/ -->\n<title>Notre plan d&#039;action COVID-19 | Moderco<\/title>\n<meta name=\"robots\" content=\"index, follow, max-snippet:-1, max-image-preview:large, max-video-preview:-1\" \/>\n<link rel=\"canonical\" href=\"https:\/\/www.moderco.com\/fr\/notre-pland-daction-covid-19\/\" \/>\n<meta property=\"og:locale\" content=\"fr_FR\" \/>\n<meta property=\"og:type\" content=\"article\" \/>\n<meta property=\"og:title\" content=\"Notre plan d&#039;action COVID-19 | Moderco\" \/>\n<meta property=\"og:description\" content=\"L\u2019atout principal de Moderco est ses associ\u00e9s. Nous produisons des cloisons de haute qualit\u00e9, mais notre force, la fondation de notre succ\u00e8s, sont ceux qui se pr\u00e9sente fid\u00e8lement chaque jour au travail. En tant que pr\u00e9sident de Moderco, je veux confirmer que cet \u00e9nonc\u00e9 est vrai et encore plus durant ces temps difficiles.\u00a0 Moderco doit...\" \/>\n<meta property=\"og:url\" content=\"https:\/\/www.moderco.com\/fr\/notre-pland-daction-covid-19\/\" \/>\n<meta property=\"og:site_name\" content=\"Moderco\" \/>\n<meta property=\"article:published_time\" content=\"2020-05-20T21:33:28+00:00\" \/>\n<meta property=\"article:modified_time\" content=\"2025-11-06T13:15:52+00:00\" \/>\n<meta property=\"og:image\" content=\"https:\/\/www.moderco.com\/wp-content\/uploads\/2020\/05\/moderc-covid.jpg\" \/>\n\t<meta property=\"og:image:width\" content=\"391\" \/>\n\t<meta property=\"og:image:height\" content=\"246\" \/>\n\t<meta property=\"og:image:type\" content=\"image\/jpeg\" \/>\n<meta name=\"author\" content=\"shoogadev\" \/>\n<meta name=\"twitter:label1\" content=\"\u00c9crit par\" \/>\n\t<meta name=\"twitter:data1\" content=\"shoogadev\" \/>\n\t<meta name=\"twitter:label2\" content=\"Dur\u00e9e de lecture estim\u00e9e\" \/>\n\t<meta name=\"twitter:data2\" content=\"2 minutes\" \/>\n<script type=\"application\/ld+json\" class=\"yoast-schema-graph\">{\"@context\":\"https:\/\/schema.org\",\"@graph\":[{\"@type\":\"Article\",\"@id\":\"https:\/\/www.moderco.com\/fr\/notre-pland-daction-covid-19\/#article\",\"isPartOf\":{\"@id\":\"https:\/\/www.moderco.com\/fr\/notre-pland-daction-covid-19\/\"},\"author\":{\"name\":\"shoogadev\",\"@id\":\"https:\/\/www.moderco.com\/#\/schema\/person\/8bef2cc0a7fc3cbf4d4f68dd8e610bf0\"},\"headline\":\"Notre plan d&rsquo;action COVID-19\",\"datePublished\":\"2020-05-20T21:33:28+00:00\",\"dateModified\":\"2025-11-06T13:15:52+00:00\",\"mainEntityOfPage\":{\"@id\":\"https:\/\/www.moderco.com\/fr\/notre-pland-daction-covid-19\/\"},\"wordCount\":156,\"commentCount\":0,\"publisher\":{\"@id\":\"https:\/\/www.moderco.com\/#organization\"},\"image\":{\"@id\":\"https:\/\/www.moderco.com\/fr\/notre-pland-daction-covid-19\/#primaryimage\"},\"thumbnailUrl\":\"https:\/\/www.moderco.com\/wp-content\/uploads\/2020\/05\/moderc-covid.jpg\",\"articleSection\":[\"Nouvelles et \u00c9v\u00e9nements\"],\"inLanguage\":\"fr-FR\",\"potentialAction\":[{\"@type\":\"CommentAction\",\"name\":\"Comment\",\"target\":[\"https:\/\/www.moderco.com\/fr\/notre-pland-daction-covid-19\/#respond\"]}]},{\"@type\":\"WebPage\",\"@id\":\"https:\/\/www.moderco.com\/fr\/notre-pland-daction-covid-19\/\",\"url\":\"https:\/\/www.moderco.com\/fr\/notre-pland-daction-covid-19\/\",\"name\":\"Notre plan d'action COVID-19 | Moderco\",\"isPartOf\":{\"@id\":\"https:\/\/www.moderco.com\/#website\"},\"primaryImageOfPage\":{\"@id\":\"https:\/\/www.moderco.com\/fr\/notre-pland-daction-covid-19\/#primaryimage\"},\"image\":{\"@id\":\"https:\/\/www.moderco.com\/fr\/notre-pland-daction-covid-19\/#primaryimage\"},\"thumbnailUrl\":\"https:\/\/www.moderco.com\/wp-content\/uploads\/2020\/05\/moderc-covid.jpg\",\"datePublished\":\"2020-05-20T21:33:28+00:00\",\"dateModified\":\"2025-11-06T13:15:52+00:00\",\"breadcrumb\":{\"@id\":\"https:\/\/www.moderco.com\/fr\/notre-pland-daction-covid-19\/#breadcrumb\"},\"inLanguage\":\"fr-FR\",\"potentialAction\":[{\"@type\":\"ReadAction\",\"target\":[\"https:\/\/www.moderco.com\/fr\/notre-pland-daction-covid-19\/\"]}]},{\"@type\":\"ImageObject\",\"inLanguage\":\"fr-FR\",\"@id\":\"https:\/\/www.moderco.com\/fr\/notre-pland-daction-covid-19\/#primaryimage\",\"url\":\"https:\/\/www.moderco.com\/wp-content\/uploads\/2020\/05\/moderc-covid.jpg\",\"contentUrl\":\"https:\/\/www.moderco.com\/wp-content\/uploads\/2020\/05\/moderc-covid.jpg\",\"width\":391,\"height\":246},{\"@type\":\"BreadcrumbList\",\"@id\":\"https:\/\/www.moderco.com\/fr\/notre-pland-daction-covid-19\/#breadcrumb\",\"itemListElement\":[{\"@type\":\"ListItem\",\"position\":1,\"name\":\"Home\",\"item\":\"https:\/\/www.moderco.com\/fr\/\"},{\"@type\":\"ListItem\",\"position\":2,\"name\":\"Notre plan d&#8217;action COVID-19\"}]},{\"@type\":\"WebSite\",\"@id\":\"https:\/\/www.moderco.com\/#website\",\"url\":\"https:\/\/www.moderco.com\/\",\"name\":\"Moderco\",\"description\":\"Un site utilisant WordPress\",\"publisher\":{\"@id\":\"https:\/\/www.moderco.com\/#organization\"},\"potentialAction\":[{\"@type\":\"SearchAction\",\"target\":{\"@type\":\"EntryPoint\",\"urlTemplate\":\"https:\/\/www.moderco.com\/?s={search_term_string}\"},\"query-input\":{\"@type\":\"PropertyValueSpecification\",\"valueRequired\":true,\"valueName\":\"search_term_string\"}}],\"inLanguage\":\"fr-FR\"},{\"@type\":\"Organization\",\"@id\":\"https:\/\/www.moderco.com\/#organization\",\"name\":\"Moderco\",\"url\":\"https:\/\/www.moderco.com\/\",\"logo\":{\"@type\":\"ImageObject\",\"inLanguage\":\"fr-FR\",\"@id\":\"https:\/\/www.moderco.com\/#\/schema\/logo\/image\/\",\"url\":\"https:\/\/www.moderco.com\/wp-content\/uploads\/2026\/02\/moderco-site-logo.webp\",\"contentUrl\":\"https:\/\/www.moderco.com\/wp-content\/uploads\/2026\/02\/moderco-site-logo.webp\",\"width\":700,\"height\":700,\"caption\":\"Moderco\"},\"image\":{\"@id\":\"https:\/\/www.moderco.com\/#\/schema\/logo\/image\/\"}},{\"@type\":\"Person\",\"@id\":\"https:\/\/www.moderco.com\/#\/schema\/person\/8bef2cc0a7fc3cbf4d4f68dd8e610bf0\",\"name\":\"shoogadev\",\"image\":{\"@type\":\"ImageObject\",\"inLanguage\":\"fr-FR\",\"@id\":\"https:\/\/www.moderco.com\/#\/schema\/person\/image\/\",\"url\":\"https:\/\/secure.gravatar.com\/avatar\/14469585b8928eaf8fbb5aca8b68fbe4b385119d1d3f47bf9c14e05b2efa87d3?s=96&d=mm&r=g\",\"contentUrl\":\"https:\/\/secure.gravatar.com\/avatar\/14469585b8928eaf8fbb5aca8b68fbe4b385119d1d3f47bf9c14e05b2efa87d3?s=96&d=mm&r=g\",\"caption\":\"shoogadev\"}}]}<\/script>\n<!-- \/ Yoast SEO plugin. -->","yoast_head_json":{"title":"Notre plan d'action COVID-19 | Moderco","robots":{"index":"index","follow":"follow","max-snippet":"max-snippet:-1","max-image-preview":"max-image-preview:large","max-video-preview":"max-video-preview:-1"},"canonical":"https:\/\/www.moderco.com\/fr\/notre-pland-daction-covid-19\/","og_locale":"fr_FR","og_type":"article","og_title":"Notre plan d'action COVID-19 | Moderco","og_description":"L\u2019atout principal de Moderco est ses associ\u00e9s. Nous produisons des cloisons de haute qualit\u00e9, mais notre force, la fondation de notre succ\u00e8s, sont ceux qui se pr\u00e9sente fid\u00e8lement chaque jour au travail. En tant que pr\u00e9sident de Moderco, je veux confirmer que cet \u00e9nonc\u00e9 est vrai et encore plus durant ces temps difficiles.\u00a0 Moderco doit...","og_url":"https:\/\/www.moderco.com\/fr\/notre-pland-daction-covid-19\/","og_site_name":"Moderco","article_published_time":"2020-05-20T21:33:28+00:00","article_modified_time":"2025-11-06T13:15:52+00:00","og_image":[{"width":391,"height":246,"url":"https:\/\/www.moderco.com\/wp-content\/uploads\/2020\/05\/moderc-covid.jpg","type":"image\/jpeg"}],"author":"shoogadev","twitter_misc":{"\u00c9crit par":"shoogadev","Dur\u00e9e de lecture estim\u00e9e":"2 minutes"},"schema":{"@context":"https:\/\/schema.org","@graph":[{"@type":"Article","@id":"https:\/\/www.moderco.com\/fr\/notre-pland-daction-covid-19\/#article","isPartOf":{"@id":"https:\/\/www.moderco.com\/fr\/notre-pland-daction-covid-19\/"},"author":{"name":"shoogadev","@id":"https:\/\/www.moderco.com\/#\/schema\/person\/8bef2cc0a7fc3cbf4d4f68dd8e610bf0"},"headline":"Notre plan d&rsquo;action COVID-19","datePublished":"2020-05-20T21:33:28+00:00","dateModified":"2025-11-06T13:15:52+00:00","mainEntityOfPage":{"@id":"https:\/\/www.moderco.com\/fr\/notre-pland-daction-covid-19\/"},"wordCount":156,"commentCount":0,"publisher":{"@id":"https:\/\/www.moderco.com\/#organization"},"image":{"@id":"https:\/\/www.moderco.com\/fr\/notre-pland-daction-covid-19\/#primaryimage"},"thumbnailUrl":"https:\/\/www.moderco.com\/wp-content\/uploads\/2020\/05\/moderc-covid.jpg","articleSection":["Nouvelles et \u00c9v\u00e9nements"],"inLanguage":"fr-FR","potentialAction":[{"@type":"CommentAction","name":"Comment","target":["https:\/\/www.moderco.com\/fr\/notre-pland-daction-covid-19\/#respond"]}]},{"@type":"WebPage","@id":"https:\/\/www.moderco.com\/fr\/notre-pland-daction-covid-19\/","url":"https:\/\/www.moderco.com\/fr\/notre-pland-daction-covid-19\/","name":"Notre plan d'action COVID-19 | Moderco","isPartOf":{"@id":"https:\/\/www.moderco.com\/#website"},"primaryImageOfPage":{"@id":"https:\/\/www.moderco.com\/fr\/notre-pland-daction-covid-19\/#primaryimage"},"image":{"@id":"https:\/\/www.moderco.com\/fr\/notre-pland-daction-covid-19\/#primaryimage"},"thumbnailUrl":"https:\/\/www.moderco.com\/wp-content\/uploads\/2020\/05\/moderc-covid.jpg","datePublished":"2020-05-20T21:33:28+00:00","dateModified":"2025-11-06T13:15:52+00:00","breadcrumb":{"@id":"https:\/\/www.moderco.com\/fr\/notre-pland-daction-covid-19\/#breadcrumb"},"inLanguage":"fr-FR","potentialAction":[{"@type":"ReadAction","target":["https:\/\/www.moderco.com\/fr\/notre-pland-daction-covid-19\/"]}]},{"@type":"ImageObject","inLanguage":"fr-FR","@id":"https:\/\/www.moderco.com\/fr\/notre-pland-daction-covid-19\/#primaryimage","url":"https:\/\/www.moderco.com\/wp-content\/uploads\/2020\/05\/moderc-covid.jpg","contentUrl":"https:\/\/www.moderco.com\/wp-content\/uploads\/2020\/05\/moderc-covid.jpg","width":391,"height":246},{"@type":"BreadcrumbList","@id":"https:\/\/www.moderco.com\/fr\/notre-pland-daction-covid-19\/#breadcrumb","itemListElement":[{"@type":"ListItem","position":1,"name":"Home","item":"https:\/\/www.moderco.com\/fr\/"},{"@type":"ListItem","position":2,"name":"Notre plan d&#8217;action COVID-19"}]},{"@type":"WebSite","@id":"https:\/\/www.moderco.com\/#website","url":"https:\/\/www.moderco.com\/","name":"Moderco","description":"Un site utilisant WordPress","publisher":{"@id":"https:\/\/www.moderco.com\/#organization"},"potentialAction":[{"@type":"SearchAction","target":{"@type":"EntryPoint","urlTemplate":"https:\/\/www.moderco.com\/?s={search_term_string}"},"query-input":{"@type":"PropertyValueSpecification","valueRequired":true,"valueName":"search_term_string"}}],"inLanguage":"fr-FR"},{"@type":"Organization","@id":"https:\/\/www.moderco.com\/#organization","name":"Moderco","url":"https:\/\/www.moderco.com\/","logo":{"@type":"ImageObject","inLanguage":"fr-FR","@id":"https:\/\/www.moderco.com\/#\/schema\/logo\/image\/","url":"https:\/\/www.moderco.com\/wp-content\/uploads\/2026\/02\/moderco-site-logo.webp","contentUrl":"https:\/\/www.moderco.com\/wp-content\/uploads\/2026\/02\/moderco-site-logo.webp","width":700,"height":700,"caption":"Moderco"},"image":{"@id":"https:\/\/www.moderco.com\/#\/schema\/logo\/image\/"}},{"@type":"Person","@id":"https:\/\/www.moderco.com\/#\/schema\/person\/8bef2cc0a7fc3cbf4d4f68dd8e610bf0","name":"shoogadev","image":{"@type":"ImageObject","inLanguage":"fr-FR","@id":"https:\/\/www.moderco.com\/#\/schema\/person\/image\/","url":"https:\/\/secure.gravatar.com\/avatar\/14469585b8928eaf8fbb5aca8b68fbe4b385119d1d3f47bf9c14e05b2efa87d3?s=96&d=mm&r=g","contentUrl":"https:\/\/secure.gravatar.com\/avatar\/14469585b8928eaf8fbb5aca8b68fbe4b385119d1d3f47bf9c14e05b2efa87d3?s=96&d=mm&r=g","caption":"shoogadev"}}]}},"_links":{"self":[{"href":"https:\/\/www.moderco.com\/fr\/wp-json\/wp\/v2\/posts\/18395","targetHints":{"allow":["GET"]}}],"collection":[{"href":"https:\/\/www.moderco.com\/fr\/wp-json\/wp\/v2\/posts"}],"about":[{"href":"https:\/\/www.moderco.com\/fr\/wp-json\/wp\/v2\/types\/post"}],"author":[{"embeddable":true,"href":"https:\/\/www.moderco.com\/fr\/wp-json\/wp\/v2\/users\/1"}],"replies":[{"embeddable":true,"href":"https:\/\/www.moderco.com\/fr\/wp-json\/wp\/v2\/comments?post=18395"}],"version-history":[{"count":3,"href":"https:\/\/www.moderco.com\/fr\/wp-json\/wp\/v2\/posts\/18395\/revisions"}],"predecessor-version":[{"id":42929,"href":"https:\/\/www.moderco.com\/fr\/wp-json\/wp\/v2\/posts\/18395\/revisions\/42929"}],"wp:featuredmedia":[{"embeddable":true,"href":"https:\/\/www.moderco.com\/fr\/wp-json\/wp\/v2\/media\/18364"}],"wp:attachment":[{"href":"https:\/\/www.moderco.com\/fr\/wp-json\/wp\/v2\/media?parent=18395"}],"wp:term":[{"taxonomy":"category","embeddable":true,"href":"https:\/\/www.moderco.com\/fr\/wp-json\/wp\/v2\/categories?post=18395"},{"taxonomy":"post_tag","embeddable":true,"href":"https:\/\/www.moderco.com\/fr\/wp-json\/wp\/v2\/tags?post=18395"}],"curies":[{"name":"wp","href":"https:\/\/api.w.org\/{rel}","templated":true}]}}