{"id":21204,"date":"2021-04-26T20:35:31","date_gmt":"2021-04-26T20:35:31","guid":{"rendered":"https:\/\/www.moderco.com\/moderco-inc-announces-construction-of-new-facility-to-support-growth\/"},"modified":"2025-11-06T13:14:53","modified_gmt":"2025-11-06T13:14:53","slug":"moderco-inc-announces-construction-of-new-facility-to-support-growth","status":"publish","type":"post","link":"https:\/\/www.moderco.com\/fr\/moderco-inc-announces-construction-of-new-facility-to-support-growth\/","title":{"rendered":"Moderco annonce le projet de construction de son nouveau b\u00e2timent."},"content":{"rendered":"<p>Moderco, entreprise internationale sp\u00e9cialis\u00e9e dans la fabrication de syst\u00e8mes de cloisons mobiles depuis 40 ans, a annonc\u00e9 aujourd\u2019hui le projet de construction de son nouveau b\u00e2timent. Les travaux d\u00e9buteront au d\u00e9but de l\u2019\u00e9t\u00e9 2021 en Mont\u00e9r\u00e9gie. Cette nouvelle b\u00e2tisse, qui comprendra \u00e0 la fois la nouvelle usine de fabrication, ainsi que les nouveaux bureaux, se situera au coeur d\u2019une zone en plein d\u00e9veloppement et adjacente au nouvel a\u00e9roport Montr\u00e9al\/St Hubert. Le b\u00e2timent va r\u00e9unir en un seul et m\u00eame lieu, les trois usines d\u00e9j\u00e0 existantes et actuellement n\u00e9cessaires pour r\u00e9pondre \u00e0 la demande croissante des produits Moderco. La nouvelle construction contribuera \u00e9galement \u00e0 assurer l\u2019essor de l\u2019entreprise et la fabrication de nouveaux produits et composants.<\/p>\n<p style=\"font-weight: 400;\"><em><strong>\u00ab Nos architectes et consultants ont con\u00e7u un b\u00e2timent et un environnement au sein duquel nos associ\u00e9s resteront les acteurs cl\u00e9s de notre r\u00e9ussite. Nous allons regrouper nos 40 ann\u00e9es de succ\u00e8s et d\u2019exp\u00e9rience dans tous les domaines li\u00e9s \u00e0 l\u2019industrie de la cloison mobile tels que l\u2019assemblage, l\u2019automatisation, l\u2019intelligence artificielle, la gestion du mat\u00e9riel, mais aussi la qualit\u00e9 et le contr\u00f4le des stocks en un seul endroit. Les comp\u00e9tences de nos pr\u00e9cieux associ\u00e9s, combin\u00e9es \u00e0 l\u2019utilisation des m\u00e9thodes de fabrication et des \u00e9quipements les plus actuels du march\u00e9, nous permettrons de maintenir et d\u2019augmenter de mani\u00e8re significative la croissance envisag\u00e9e \u00bb<\/strong>\u00a0<\/em>a d\u00e9clar\u00e9 Stephan Julien, Pr\u00e9sident et Directeur G\u00e9n\u00e9ral de Moderco.<\/p>\n<p style=\"font-weight: 400;\"><em>\u00ab Nous avons \u00e9t\u00e9 extr\u00eamement chanceux de d\u00e9nicher un site si agr\u00e9able et si bien desservi. Cet emplacement, associ\u00e9 \u00e0 l\u2019am\u00e9lioration de l\u2019efficacit\u00e9 op\u00e9rationnelle sera l\u2019opportunit\u00e9 de continuer \u00e0 nous d\u00e9velopper et \u00e0 fournir un service et des produits d\u2019une qualit\u00e9 exceptionnelle \u00bb.<\/em><\/p>\n<p style=\"font-weight: 400;\">Jean Martin (JM) Roy, VP des Ventes et du Marketing ajoute :\u00a0<strong><em>\u00ab L\u2019ensemble des diff\u00e9rents espaces d\u00e9di\u00e9s aux bureaux, ainsi qu\u2019\u00e0 la formation du personnel des ventes et aux pr\u00e9sentations, va nous permettre d\u2019exposer et de pr\u00e9senter tous nos produits. Gr\u00e2ce \u00e0 notre partenariat avec une grande entreprise sp\u00e9cialis\u00e9e dans l\u2019ing\u00e9nierie acoustique, nous allons \u00e9galement b\u00e9n\u00e9ficier d\u2019un laboratoire acoustique enti\u00e8rement accr\u00e9dit\u00e9, au sein duquel nous serons capables de r\u00e9aliser des tests de son rapides. Nous r\u00e9aliserons ces essais sur les nouveaux produits mais \u00e9galement sur les produits d\u00e9j\u00e0 disponibles \u00e0 la vente afin d\u2019\u00eatre toujours \u00e0 jour sur les proc\u00e9dures de tests les plus r\u00e9centes. L\u2019un des probl\u00e8mes les plus urgents de notre industrie est l\u2019extr\u00eame variation de la demande de produits tout au long de l\u2019ann\u00e9e. Att\u00e9nuer les probl\u00e8mes de livraisons li\u00e9s \u00e0 ces variations, constitue un \u00e9l\u00e9ment important dans les proc\u00e9d\u00e9s de production int\u00e9gr\u00e9s qui nous permettent de continuer de r\u00e9pondre aux besoins de nos clients \u00bb.<\/em><\/strong><\/p>\n<p style=\"font-weight: 400;\">Chez Moderco, nous sommes tous impatients de ce d\u00e9m\u00e9nagement pr\u00e9vu pour l\u2019automne 2022. Pour plus d&rsquo;informations au sujet de la nouvelle usine de production, Moderco en g\u00e9n\u00e9ral, nos produits ou notre distribution, contactez-nous par courriel:\u00a0<a href=\"mailto:info@moderco.com\">info@moderco.com<\/a>\u00a0ou par t\u00e9l\u00e9phone au: (450) 641-3150.<\/p>\n<h3 style=\"font-weight: 400;\"><u>\u00c0 propos de Moderco<\/u><\/h3>\n<p style=\"font-weight: 400;\">Fond\u00e9e en 1980, Moderco est une entreprise priv\u00e9e sp\u00e9cialis\u00e9e dans la conception, la fabrication et la vente de syst\u00e8mes de cloisons mobiles. Depuis sa cr\u00e9ation, l\u2019entreprise n\u2019a jamais cess\u00e9 son activit\u00e9. Les produits Moderco sont vendus dans le monde entier gr\u00e2ce \u00e0 un r\u00e9seau de distributeurs partenaires locaux, fiables et enti\u00e8rement form\u00e9s. Premier fournisseur incontest\u00e9 de cloisons mobiles au Canada depuis 25 ans, Moderco occupe actuellement la troisi\u00e8me place sur le march\u00e9 nord-am\u00e9ricain en termes de volume des ventes. Nous proposons une large gamme de syst\u00e8mes de cloisons mobiles manuelles et \u00e9lectriques, des portes accord\u00e9ons, des cloisons mobiles en verre, et encore bien d\u2019autres \u00e0 venir. Nous proposons \u00e9galement des syst\u00e8mes de cloisons mobiles acoustiques et non-acoustiques,<\/p>\n","protected":false},"excerpt":{"rendered":"<p>Moderco, entreprise internationale sp\u00e9cialis\u00e9e dans la fabrication de syst\u00e8mes de cloisons mobiles depuis 40 ans, a annonc\u00e9 aujourd\u2019hui le projet de construction de son nouveau b\u00e2timent. Les travaux d\u00e9buteront au d\u00e9but de l\u2019\u00e9t\u00e9 2021 en Mont\u00e9r\u00e9gie. Cette nouvelle b\u00e2tisse, qui comprendra \u00e0 la fois la nouvelle usine de fabrication, ainsi que les nouveaux bureaux, se&#8230;<\/p>\n","protected":false},"author":1,"featured_media":21188,"comment_status":"open","ping_status":"closed","sticky":false,"template":"","format":"standard","meta":{"_acf_changed":false,"_bbp_topic_count":0,"_bbp_reply_count":0,"_bbp_total_topic_count":0,"_bbp_total_reply_count":0,"_bbp_voice_count":0,"_bbp_anonymous_reply_count":0,"_bbp_topic_count_hidden":0,"_bbp_reply_count_hidden":0,"_bbp_forum_subforum_count":0,"footnotes":""},"categories":[55,157],"tags":[],"class_list":["post-21204","post","type-post","status-publish","format-standard","has-post-thumbnail","hentry","category-nouvelles-et-evenements","category-pourquoi-moderco"],"acf":[],"yoast_head":"<!-- This site is optimized with the Yoast SEO plugin v26.2 - https:\/\/yoast.com\/wordpress\/plugins\/seo\/ -->\n<title>Moderco annonce le projet de construction de son nouveau b\u00e2timent. | Moderco<\/title>\n<meta name=\"robots\" content=\"index, follow, max-snippet:-1, max-image-preview:large, max-video-preview:-1\" \/>\n<link rel=\"canonical\" href=\"https:\/\/www.moderco.com\/fr\/moderco-inc-announces-construction-of-new-facility-to-support-growth\/\" \/>\n<meta property=\"og:locale\" content=\"fr_FR\" \/>\n<meta property=\"og:type\" content=\"article\" \/>\n<meta property=\"og:title\" content=\"Moderco annonce le projet de construction de son nouveau b\u00e2timent. | Moderco\" \/>\n<meta property=\"og:description\" content=\"Moderco, entreprise internationale sp\u00e9cialis\u00e9e dans la fabrication de syst\u00e8mes de cloisons mobiles depuis 40 ans, a annonc\u00e9 aujourd\u2019hui le projet de construction de son nouveau b\u00e2timent. Les travaux d\u00e9buteront au d\u00e9but de l\u2019\u00e9t\u00e9 2021 en Mont\u00e9r\u00e9gie. Cette nouvelle b\u00e2tisse, qui comprendra \u00e0 la fois la nouvelle usine de fabrication, ainsi que les nouveaux bureaux, se...\" \/>\n<meta property=\"og:url\" content=\"https:\/\/www.moderco.com\/fr\/moderco-inc-announces-construction-of-new-facility-to-support-growth\/\" \/>\n<meta property=\"og:site_name\" content=\"Moderco\" \/>\n<meta property=\"article:published_time\" content=\"2021-04-26T20:35:31+00:00\" \/>\n<meta property=\"article:modified_time\" content=\"2025-11-06T13:14:53+00:00\" \/>\n<meta property=\"og:image\" content=\"https:\/\/www.moderco.com\/wp-content\/uploads\/2021\/04\/moderco-building.jpg\" \/>\n\t<meta property=\"og:image:width\" content=\"315\" \/>\n\t<meta property=\"og:image:height\" content=\"202\" \/>\n\t<meta property=\"og:image:type\" content=\"image\/jpeg\" \/>\n<meta name=\"author\" content=\"shoogadev\" \/>\n<meta name=\"twitter:label1\" content=\"\u00c9crit par\" \/>\n\t<meta name=\"twitter:data1\" content=\"shoogadev\" \/>\n\t<meta name=\"twitter:label2\" content=\"Dur\u00e9e de lecture estim\u00e9e\" \/>\n\t<meta name=\"twitter:data2\" content=\"3 minutes\" \/>\n<script type=\"application\/ld+json\" class=\"yoast-schema-graph\">{\"@context\":\"https:\/\/schema.org\",\"@graph\":[{\"@type\":\"Article\",\"@id\":\"https:\/\/www.moderco.com\/fr\/moderco-inc-announces-construction-of-new-facility-to-support-growth\/#article\",\"isPartOf\":{\"@id\":\"https:\/\/www.moderco.com\/fr\/moderco-inc-announces-construction-of-new-facility-to-support-growth\/\"},\"author\":{\"name\":\"shoogadev\",\"@id\":\"https:\/\/www.moderco.com\/#\/schema\/person\/8bef2cc0a7fc3cbf4d4f68dd8e610bf0\"},\"headline\":\"Moderco annonce le projet de construction de son nouveau b\u00e2timent.\",\"datePublished\":\"2021-04-26T20:35:31+00:00\",\"dateModified\":\"2025-11-06T13:14:53+00:00\",\"mainEntityOfPage\":{\"@id\":\"https:\/\/www.moderco.com\/fr\/moderco-inc-announces-construction-of-new-facility-to-support-growth\/\"},\"wordCount\":705,\"commentCount\":0,\"publisher\":{\"@id\":\"https:\/\/www.moderco.com\/#organization\"},\"image\":{\"@id\":\"https:\/\/www.moderco.com\/fr\/moderco-inc-announces-construction-of-new-facility-to-support-growth\/#primaryimage\"},\"thumbnailUrl\":\"https:\/\/www.moderco.com\/wp-content\/uploads\/2021\/04\/moderco-building.jpg\",\"articleSection\":[\"Nouvelles et \u00c9v\u00e9nements\",\"Pourquoi Moderco\"],\"inLanguage\":\"fr-FR\",\"potentialAction\":[{\"@type\":\"CommentAction\",\"name\":\"Comment\",\"target\":[\"https:\/\/www.moderco.com\/fr\/moderco-inc-announces-construction-of-new-facility-to-support-growth\/#respond\"]}]},{\"@type\":\"WebPage\",\"@id\":\"https:\/\/www.moderco.com\/fr\/moderco-inc-announces-construction-of-new-facility-to-support-growth\/\",\"url\":\"https:\/\/www.moderco.com\/fr\/moderco-inc-announces-construction-of-new-facility-to-support-growth\/\",\"name\":\"Moderco annonce le projet de construction de son nouveau b\u00e2timent. | Moderco\",\"isPartOf\":{\"@id\":\"https:\/\/www.moderco.com\/#website\"},\"primaryImageOfPage\":{\"@id\":\"https:\/\/www.moderco.com\/fr\/moderco-inc-announces-construction-of-new-facility-to-support-growth\/#primaryimage\"},\"image\":{\"@id\":\"https:\/\/www.moderco.com\/fr\/moderco-inc-announces-construction-of-new-facility-to-support-growth\/#primaryimage\"},\"thumbnailUrl\":\"https:\/\/www.moderco.com\/wp-content\/uploads\/2021\/04\/moderco-building.jpg\",\"datePublished\":\"2021-04-26T20:35:31+00:00\",\"dateModified\":\"2025-11-06T13:14:53+00:00\",\"breadcrumb\":{\"@id\":\"https:\/\/www.moderco.com\/fr\/moderco-inc-announces-construction-of-new-facility-to-support-growth\/#breadcrumb\"},\"inLanguage\":\"fr-FR\",\"potentialAction\":[{\"@type\":\"ReadAction\",\"target\":[\"https:\/\/www.moderco.com\/fr\/moderco-inc-announces-construction-of-new-facility-to-support-growth\/\"]}]},{\"@type\":\"ImageObject\",\"inLanguage\":\"fr-FR\",\"@id\":\"https:\/\/www.moderco.com\/fr\/moderco-inc-announces-construction-of-new-facility-to-support-growth\/#primaryimage\",\"url\":\"https:\/\/www.moderco.com\/wp-content\/uploads\/2021\/04\/moderco-building.jpg\",\"contentUrl\":\"https:\/\/www.moderco.com\/wp-content\/uploads\/2021\/04\/moderco-building.jpg\",\"width\":315,\"height\":202},{\"@type\":\"BreadcrumbList\",\"@id\":\"https:\/\/www.moderco.com\/fr\/moderco-inc-announces-construction-of-new-facility-to-support-growth\/#breadcrumb\",\"itemListElement\":[{\"@type\":\"ListItem\",\"position\":1,\"name\":\"Home\",\"item\":\"https:\/\/www.moderco.com\/fr\/\"},{\"@type\":\"ListItem\",\"position\":2,\"name\":\"Moderco annonce le projet de construction de son nouveau b\u00e2timent.\"}]},{\"@type\":\"WebSite\",\"@id\":\"https:\/\/www.moderco.com\/#website\",\"url\":\"https:\/\/www.moderco.com\/\",\"name\":\"Moderco\",\"description\":\"Un site utilisant WordPress\",\"publisher\":{\"@id\":\"https:\/\/www.moderco.com\/#organization\"},\"potentialAction\":[{\"@type\":\"SearchAction\",\"target\":{\"@type\":\"EntryPoint\",\"urlTemplate\":\"https:\/\/www.moderco.com\/?s={search_term_string}\"},\"query-input\":{\"@type\":\"PropertyValueSpecification\",\"valueRequired\":true,\"valueName\":\"search_term_string\"}}],\"inLanguage\":\"fr-FR\"},{\"@type\":\"Organization\",\"@id\":\"https:\/\/www.moderco.com\/#organization\",\"name\":\"Moderco\",\"url\":\"https:\/\/www.moderco.com\/\",\"logo\":{\"@type\":\"ImageObject\",\"inLanguage\":\"fr-FR\",\"@id\":\"https:\/\/www.moderco.com\/#\/schema\/logo\/image\/\",\"url\":\"https:\/\/www.moderco.com\/wp-content\/uploads\/2026\/02\/moderco-site-logo.webp\",\"contentUrl\":\"https:\/\/www.moderco.com\/wp-content\/uploads\/2026\/02\/moderco-site-logo.webp\",\"width\":700,\"height\":700,\"caption\":\"Moderco\"},\"image\":{\"@id\":\"https:\/\/www.moderco.com\/#\/schema\/logo\/image\/\"}},{\"@type\":\"Person\",\"@id\":\"https:\/\/www.moderco.com\/#\/schema\/person\/8bef2cc0a7fc3cbf4d4f68dd8e610bf0\",\"name\":\"shoogadev\",\"image\":{\"@type\":\"ImageObject\",\"inLanguage\":\"fr-FR\",\"@id\":\"https:\/\/www.moderco.com\/#\/schema\/person\/image\/\",\"url\":\"https:\/\/secure.gravatar.com\/avatar\/14469585b8928eaf8fbb5aca8b68fbe4b385119d1d3f47bf9c14e05b2efa87d3?s=96&d=mm&r=g\",\"contentUrl\":\"https:\/\/secure.gravatar.com\/avatar\/14469585b8928eaf8fbb5aca8b68fbe4b385119d1d3f47bf9c14e05b2efa87d3?s=96&d=mm&r=g\",\"caption\":\"shoogadev\"}}]}<\/script>\n<!-- \/ Yoast SEO plugin. -->","yoast_head_json":{"title":"Moderco annonce le projet de construction de son nouveau b\u00e2timent. | Moderco","robots":{"index":"index","follow":"follow","max-snippet":"max-snippet:-1","max-image-preview":"max-image-preview:large","max-video-preview":"max-video-preview:-1"},"canonical":"https:\/\/www.moderco.com\/fr\/moderco-inc-announces-construction-of-new-facility-to-support-growth\/","og_locale":"fr_FR","og_type":"article","og_title":"Moderco annonce le projet de construction de son nouveau b\u00e2timent. | Moderco","og_description":"Moderco, entreprise internationale sp\u00e9cialis\u00e9e dans la fabrication de syst\u00e8mes de cloisons mobiles depuis 40 ans, a annonc\u00e9 aujourd\u2019hui le projet de construction de son nouveau b\u00e2timent. Les travaux d\u00e9buteront au d\u00e9but de l\u2019\u00e9t\u00e9 2021 en Mont\u00e9r\u00e9gie. Cette nouvelle b\u00e2tisse, qui comprendra \u00e0 la fois la nouvelle usine de fabrication, ainsi que les nouveaux bureaux, se...","og_url":"https:\/\/www.moderco.com\/fr\/moderco-inc-announces-construction-of-new-facility-to-support-growth\/","og_site_name":"Moderco","article_published_time":"2021-04-26T20:35:31+00:00","article_modified_time":"2025-11-06T13:14:53+00:00","og_image":[{"width":315,"height":202,"url":"https:\/\/www.moderco.com\/wp-content\/uploads\/2021\/04\/moderco-building.jpg","type":"image\/jpeg"}],"author":"shoogadev","twitter_misc":{"\u00c9crit par":"shoogadev","Dur\u00e9e de lecture estim\u00e9e":"3 minutes"},"schema":{"@context":"https:\/\/schema.org","@graph":[{"@type":"Article","@id":"https:\/\/www.moderco.com\/fr\/moderco-inc-announces-construction-of-new-facility-to-support-growth\/#article","isPartOf":{"@id":"https:\/\/www.moderco.com\/fr\/moderco-inc-announces-construction-of-new-facility-to-support-growth\/"},"author":{"name":"shoogadev","@id":"https:\/\/www.moderco.com\/#\/schema\/person\/8bef2cc0a7fc3cbf4d4f68dd8e610bf0"},"headline":"Moderco annonce le projet de construction de son nouveau b\u00e2timent.","datePublished":"2021-04-26T20:35:31+00:00","dateModified":"2025-11-06T13:14:53+00:00","mainEntityOfPage":{"@id":"https:\/\/www.moderco.com\/fr\/moderco-inc-announces-construction-of-new-facility-to-support-growth\/"},"wordCount":705,"commentCount":0,"publisher":{"@id":"https:\/\/www.moderco.com\/#organization"},"image":{"@id":"https:\/\/www.moderco.com\/fr\/moderco-inc-announces-construction-of-new-facility-to-support-growth\/#primaryimage"},"thumbnailUrl":"https:\/\/www.moderco.com\/wp-content\/uploads\/2021\/04\/moderco-building.jpg","articleSection":["Nouvelles et \u00c9v\u00e9nements","Pourquoi Moderco"],"inLanguage":"fr-FR","potentialAction":[{"@type":"CommentAction","name":"Comment","target":["https:\/\/www.moderco.com\/fr\/moderco-inc-announces-construction-of-new-facility-to-support-growth\/#respond"]}]},{"@type":"WebPage","@id":"https:\/\/www.moderco.com\/fr\/moderco-inc-announces-construction-of-new-facility-to-support-growth\/","url":"https:\/\/www.moderco.com\/fr\/moderco-inc-announces-construction-of-new-facility-to-support-growth\/","name":"Moderco annonce le projet de construction de son nouveau b\u00e2timent. | Moderco","isPartOf":{"@id":"https:\/\/www.moderco.com\/#website"},"primaryImageOfPage":{"@id":"https:\/\/www.moderco.com\/fr\/moderco-inc-announces-construction-of-new-facility-to-support-growth\/#primaryimage"},"image":{"@id":"https:\/\/www.moderco.com\/fr\/moderco-inc-announces-construction-of-new-facility-to-support-growth\/#primaryimage"},"thumbnailUrl":"https:\/\/www.moderco.com\/wp-content\/uploads\/2021\/04\/moderco-building.jpg","datePublished":"2021-04-26T20:35:31+00:00","dateModified":"2025-11-06T13:14:53+00:00","breadcrumb":{"@id":"https:\/\/www.moderco.com\/fr\/moderco-inc-announces-construction-of-new-facility-to-support-growth\/#breadcrumb"},"inLanguage":"fr-FR","potentialAction":[{"@type":"ReadAction","target":["https:\/\/www.moderco.com\/fr\/moderco-inc-announces-construction-of-new-facility-to-support-growth\/"]}]},{"@type":"ImageObject","inLanguage":"fr-FR","@id":"https:\/\/www.moderco.com\/fr\/moderco-inc-announces-construction-of-new-facility-to-support-growth\/#primaryimage","url":"https:\/\/www.moderco.com\/wp-content\/uploads\/2021\/04\/moderco-building.jpg","contentUrl":"https:\/\/www.moderco.com\/wp-content\/uploads\/2021\/04\/moderco-building.jpg","width":315,"height":202},{"@type":"BreadcrumbList","@id":"https:\/\/www.moderco.com\/fr\/moderco-inc-announces-construction-of-new-facility-to-support-growth\/#breadcrumb","itemListElement":[{"@type":"ListItem","position":1,"name":"Home","item":"https:\/\/www.moderco.com\/fr\/"},{"@type":"ListItem","position":2,"name":"Moderco annonce le projet de construction de son nouveau b\u00e2timent."}]},{"@type":"WebSite","@id":"https:\/\/www.moderco.com\/#website","url":"https:\/\/www.moderco.com\/","name":"Moderco","description":"Un site utilisant WordPress","publisher":{"@id":"https:\/\/www.moderco.com\/#organization"},"potentialAction":[{"@type":"SearchAction","target":{"@type":"EntryPoint","urlTemplate":"https:\/\/www.moderco.com\/?s={search_term_string}"},"query-input":{"@type":"PropertyValueSpecification","valueRequired":true,"valueName":"search_term_string"}}],"inLanguage":"fr-FR"},{"@type":"Organization","@id":"https:\/\/www.moderco.com\/#organization","name":"Moderco","url":"https:\/\/www.moderco.com\/","logo":{"@type":"ImageObject","inLanguage":"fr-FR","@id":"https:\/\/www.moderco.com\/#\/schema\/logo\/image\/","url":"https:\/\/www.moderco.com\/wp-content\/uploads\/2026\/02\/moderco-site-logo.webp","contentUrl":"https:\/\/www.moderco.com\/wp-content\/uploads\/2026\/02\/moderco-site-logo.webp","width":700,"height":700,"caption":"Moderco"},"image":{"@id":"https:\/\/www.moderco.com\/#\/schema\/logo\/image\/"}},{"@type":"Person","@id":"https:\/\/www.moderco.com\/#\/schema\/person\/8bef2cc0a7fc3cbf4d4f68dd8e610bf0","name":"shoogadev","image":{"@type":"ImageObject","inLanguage":"fr-FR","@id":"https:\/\/www.moderco.com\/#\/schema\/person\/image\/","url":"https:\/\/secure.gravatar.com\/avatar\/14469585b8928eaf8fbb5aca8b68fbe4b385119d1d3f47bf9c14e05b2efa87d3?s=96&d=mm&r=g","contentUrl":"https:\/\/secure.gravatar.com\/avatar\/14469585b8928eaf8fbb5aca8b68fbe4b385119d1d3f47bf9c14e05b2efa87d3?s=96&d=mm&r=g","caption":"shoogadev"}}]}},"_links":{"self":[{"href":"https:\/\/www.moderco.com\/fr\/wp-json\/wp\/v2\/posts\/21204","targetHints":{"allow":["GET"]}}],"collection":[{"href":"https:\/\/www.moderco.com\/fr\/wp-json\/wp\/v2\/posts"}],"about":[{"href":"https:\/\/www.moderco.com\/fr\/wp-json\/wp\/v2\/types\/post"}],"author":[{"embeddable":true,"href":"https:\/\/www.moderco.com\/fr\/wp-json\/wp\/v2\/users\/1"}],"replies":[{"embeddable":true,"href":"https:\/\/www.moderco.com\/fr\/wp-json\/wp\/v2\/comments?post=21204"}],"version-history":[{"count":7,"href":"https:\/\/www.moderco.com\/fr\/wp-json\/wp\/v2\/posts\/21204\/revisions"}],"predecessor-version":[{"id":42928,"href":"https:\/\/www.moderco.com\/fr\/wp-json\/wp\/v2\/posts\/21204\/revisions\/42928"}],"wp:featuredmedia":[{"embeddable":true,"href":"https:\/\/www.moderco.com\/fr\/wp-json\/wp\/v2\/media\/21188"}],"wp:attachment":[{"href":"https:\/\/www.moderco.com\/fr\/wp-json\/wp\/v2\/media?parent=21204"}],"wp:term":[{"taxonomy":"category","embeddable":true,"href":"https:\/\/www.moderco.com\/fr\/wp-json\/wp\/v2\/categories?post=21204"},{"taxonomy":"post_tag","embeddable":true,"href":"https:\/\/www.moderco.com\/fr\/wp-json\/wp\/v2\/tags?post=21204"}],"curies":[{"name":"wp","href":"https:\/\/api.w.org\/{rel}","templated":true}]}}