{"id":206,"count":2,"description":"","link":"https:\/\/www.moderco.com\/fr\/produits\/cloisons-mobiles-en-verre\/","name":"Cloisons mobiles en verre","slug":"cloisons-mobiles-en-verre","taxonomy":"product-category","parent":0,"meta":[],"acf":[],"yoast_head":"<!-- This site is optimized with the Yoast SEO plugin v26.2 - https:\/\/yoast.com\/wordpress\/plugins\/seo\/ -->\n<title>Cloisons mobiles en verre - Moderco<\/title>\n<meta name=\"description\" content=\"Moderco r\u00e9pond depuis plus de 40 ans \u00e0 tous vos besoins de fabrication de cloisons mobiles. D\u00e9couvrez les s\u00e9ries en verre Crystal et Vision !\" \/>\n<meta name=\"robots\" content=\"index, follow, max-snippet:-1, max-image-preview:large, max-video-preview:-1\" \/>\n<link rel=\"canonical\" href=\"https:\/\/www.moderco.com\/fr\/produits\/cloisons-mobiles-en-verre\/\" \/>\n<meta property=\"og:locale\" content=\"fr_FR\" \/>\n<meta property=\"og:type\" content=\"article\" \/>\n<meta property=\"og:title\" content=\"Cloisons mobiles en verre - Moderco\" \/>\n<meta property=\"og:description\" content=\"Moderco r\u00e9pond depuis plus de 40 ans \u00e0 tous vos besoins de fabrication de cloisons mobiles. D\u00e9couvrez les s\u00e9ries en verre Crystal et Vision !\" \/>\n<meta property=\"og:url\" content=\"https:\/\/www.moderco.com\/fr\/produits\/cloisons-mobiles-en-verre\/\" \/>\n<meta property=\"og:site_name\" content=\"Moderco\" \/>\n<meta property=\"og:image\" content=\"https:\/\/www.moderco.com\/wp-content\/uploads\/2025\/09\/moderco-banner-slider-image-1-1.webp\" \/>\n\t<meta property=\"og:image:width\" content=\"2042\" \/>\n\t<meta property=\"og:image:height\" content=\"1214\" \/>\n\t<meta property=\"og:image:type\" content=\"image\/webp\" \/>\n<script type=\"application\/ld+json\" class=\"yoast-schema-graph\">{\"@context\":\"https:\/\/schema.org\",\"@graph\":[{\"@type\":\"CollectionPage\",\"@id\":\"https:\/\/www.moderco.com\/fr\/produits\/cloisons-mobiles-en-verre\/\",\"url\":\"https:\/\/www.moderco.com\/fr\/produits\/cloisons-mobiles-en-verre\/\",\"name\":\"Cloisons mobiles en verre - Moderco\",\"isPartOf\":{\"@id\":\"https:\/\/www.moderco.com\/#website\"},\"description\":\"Moderco r\u00e9pond depuis plus de 40 ans \u00e0 tous vos besoins de fabrication de cloisons mobiles. D\u00e9couvrez les s\u00e9ries en verre Crystal et Vision !\",\"breadcrumb\":{\"@id\":\"https:\/\/www.moderco.com\/fr\/produits\/cloisons-mobiles-en-verre\/#breadcrumb\"},\"inLanguage\":\"fr-FR\"},{\"@type\":\"BreadcrumbList\",\"@id\":\"https:\/\/www.moderco.com\/fr\/produits\/cloisons-mobiles-en-verre\/#breadcrumb\",\"itemListElement\":[{\"@type\":\"ListItem\",\"position\":1,\"name\":\"Home\",\"item\":\"https:\/\/www.moderco.com\/fr\/\"},{\"@type\":\"ListItem\",\"position\":2,\"name\":\"Cloisons mobiles en verre\"}]},{\"@type\":\"WebSite\",\"@id\":\"https:\/\/www.moderco.com\/#website\",\"url\":\"https:\/\/www.moderco.com\/\",\"name\":\"Moderco\",\"description\":\"Un site utilisant WordPress\",\"publisher\":{\"@id\":\"https:\/\/www.moderco.com\/#organization\"},\"potentialAction\":[{\"@type\":\"SearchAction\",\"target\":{\"@type\":\"EntryPoint\",\"urlTemplate\":\"https:\/\/www.moderco.com\/?s={search_term_string}\"},\"query-input\":{\"@type\":\"PropertyValueSpecification\",\"valueRequired\":true,\"valueName\":\"search_term_string\"}}],\"inLanguage\":\"fr-FR\"},{\"@type\":\"Organization\",\"@id\":\"https:\/\/www.moderco.com\/#organization\",\"name\":\"Moderco\",\"url\":\"https:\/\/www.moderco.com\/\",\"logo\":{\"@type\":\"ImageObject\",\"inLanguage\":\"fr-FR\",\"@id\":\"https:\/\/www.moderco.com\/#\/schema\/logo\/image\/\",\"url\":\"https:\/\/www.moderco.com\/wp-content\/uploads\/2026\/02\/moderco-site-logo.webp\",\"contentUrl\":\"https:\/\/www.moderco.com\/wp-content\/uploads\/2026\/02\/moderco-site-logo.webp\",\"width\":700,\"height\":700,\"caption\":\"Moderco\"},\"image\":{\"@id\":\"https:\/\/www.moderco.com\/#\/schema\/logo\/image\/\"}}]}<\/script>\n<!-- \/ Yoast SEO plugin. -->","yoast_head_json":{"title":"Cloisons mobiles en verre - Moderco","description":"Moderco r\u00e9pond depuis plus de 40 ans \u00e0 tous vos besoins de fabrication de cloisons mobiles. D\u00e9couvrez les s\u00e9ries en verre Crystal et Vision !","robots":{"index":"index","follow":"follow","max-snippet":"max-snippet:-1","max-image-preview":"max-image-preview:large","max-video-preview":"max-video-preview:-1"},"canonical":"https:\/\/www.moderco.com\/fr\/produits\/cloisons-mobiles-en-verre\/","og_locale":"fr_FR","og_type":"article","og_title":"Cloisons mobiles en verre - Moderco","og_description":"Moderco r\u00e9pond depuis plus de 40 ans \u00e0 tous vos besoins de fabrication de cloisons mobiles. D\u00e9couvrez les s\u00e9ries en verre Crystal et Vision !","og_url":"https:\/\/www.moderco.com\/fr\/produits\/cloisons-mobiles-en-verre\/","og_site_name":"Moderco","og_image":[{"width":2042,"height":1214,"url":"https:\/\/www.moderco.com\/wp-content\/uploads\/2025\/09\/moderco-banner-slider-image-1-1.webp","type":"image\/webp"}],"schema":{"@context":"https:\/\/schema.org","@graph":[{"@type":"CollectionPage","@id":"https:\/\/www.moderco.com\/fr\/produits\/cloisons-mobiles-en-verre\/","url":"https:\/\/www.moderco.com\/fr\/produits\/cloisons-mobiles-en-verre\/","name":"Cloisons mobiles en verre - Moderco","isPartOf":{"@id":"https:\/\/www.moderco.com\/#website"},"description":"Moderco r\u00e9pond depuis plus de 40 ans \u00e0 tous vos besoins de fabrication de cloisons mobiles. D\u00e9couvrez les s\u00e9ries en verre Crystal et Vision !","breadcrumb":{"@id":"https:\/\/www.moderco.com\/fr\/produits\/cloisons-mobiles-en-verre\/#breadcrumb"},"inLanguage":"fr-FR"},{"@type":"BreadcrumbList","@id":"https:\/\/www.moderco.com\/fr\/produits\/cloisons-mobiles-en-verre\/#breadcrumb","itemListElement":[{"@type":"ListItem","position":1,"name":"Home","item":"https:\/\/www.moderco.com\/fr\/"},{"@type":"ListItem","position":2,"name":"Cloisons mobiles en verre"}]},{"@type":"WebSite","@id":"https:\/\/www.moderco.com\/#website","url":"https:\/\/www.moderco.com\/","name":"Moderco","description":"Un site utilisant WordPress","publisher":{"@id":"https:\/\/www.moderco.com\/#organization"},"potentialAction":[{"@type":"SearchAction","target":{"@type":"EntryPoint","urlTemplate":"https:\/\/www.moderco.com\/?s={search_term_string}"},"query-input":{"@type":"PropertyValueSpecification","valueRequired":true,"valueName":"search_term_string"}}],"inLanguage":"fr-FR"},{"@type":"Organization","@id":"https:\/\/www.moderco.com\/#organization","name":"Moderco","url":"https:\/\/www.moderco.com\/","logo":{"@type":"ImageObject","inLanguage":"fr-FR","@id":"https:\/\/www.moderco.com\/#\/schema\/logo\/image\/","url":"https:\/\/www.moderco.com\/wp-content\/uploads\/2026\/02\/moderco-site-logo.webp","contentUrl":"https:\/\/www.moderco.com\/wp-content\/uploads\/2026\/02\/moderco-site-logo.webp","width":700,"height":700,"caption":"Moderco"},"image":{"@id":"https:\/\/www.moderco.com\/#\/schema\/logo\/image\/"}}]}},"_links":{"self":[{"href":"https:\/\/www.moderco.com\/fr\/wp-json\/wp\/v2\/product-category\/206","targetHints":{"allow":["GET"]}}],"collection":[{"href":"https:\/\/www.moderco.com\/fr\/wp-json\/wp\/v2\/product-category"}],"about":[{"href":"https:\/\/www.moderco.com\/fr\/wp-json\/wp\/v2\/taxonomies\/product-category"}],"wp:post_type":[{"href":"https:\/\/www.moderco.com\/fr\/wp-json\/wp\/v2\/product?product-category=206"}],"curies":[{"name":"wp","href":"https:\/\/api.w.org\/{rel}","templated":true}]}}